{"id":27394,"date":"2025-03-09T16:06:57","date_gmt":"2025-03-09T13:06:57","guid":{"rendered":"https:\/\/www.fener.org\/?p=27394"},"modified":"2025-03-09T16:07:03","modified_gmt":"2025-03-09T13:07:03","slug":"kurek-subemizden-cifte-sampiyonluk","status":"publish","type":"post","link":"https:\/\/www.fener.org\/index.php\/2025\/03\/09\/kurek-subemizden-cifte-sampiyonluk\/","title":{"rendered":"K\u00fcrek \u015eubemizden \u00c7ifte \u015eampiyonluk"},"content":{"rendered":"\n<p>7-9 Mart tarihleri aras\u0131nda Edirne Meri\u00e7 Nehri&#8217;nde yap\u0131lan B\u00fcy\u00fckler T\u00fcrkiye \u015eampiyonas\u0131\u2019nda Fenerbah\u00e7e K\u00fcrek \u015eubemiz, erkeklerde \u00fcst \u00fcste 9., kad\u0131nlarda ise \u00fcst \u00fcste 7. kez T\u00fcrkiye \u015eampiyonu oldu.<\/p>\n\n\n\n<p>Sar\u0131 lacivertliler, erkeklerde 860 puanla, Galatasaray\u2019\u0131n 154 puan \u00f6n\u00fcnde \u00fcst \u00fcste 9., kad\u0131nlarda ise 500 puanla, Galatasaray\u2019\u0131n 152 puan \u00f6n\u00fcnde \u00fcst \u00fcste 7. kez mutlu sona ula\u015ft\u0131.<\/p>\n\n\n\n<p>K\u00fcrek \u015fubemiz erkeklerde 23 ya\u015f alt\u0131nda tek \u00e7ifte, iki \u00e7ifte, d\u00f6rt tek ve d\u00f6rt \u00e7iftede, b\u00fcy\u00fcklerde ise tek \u00e7ifte ve 8 tekte alt\u0131n madalya ald\u0131.<\/p>\n\n\n\n<p>Fenerbah\u00e7emiz, kad\u0131nlarda m\u00fccadele etti\u011fi 5 yar\u0131\u015f\u0131 da kazand\u0131. Kad\u0131n k\u00fcrek\u00e7ilerimiz, tek \u00e7ifte, iki tek, iki \u00e7ifte, 4 tek ve 4 \u00e7iftede birincilik elde etti.<\/p>\n\n\n\n<p>K\u00fcrek \u015fubemiz yar\u0131\u015flar\u0131n ard\u0131ndan d\u00fczenlenen t\u00f6renle madalyalar\u0131n\u0131 ve kupalar\u0131n\u0131 b\u00fcy\u00fck bir co\u015fkuyla alarak zaferi kutlad\u0131.<\/p>\n","protected":false},"excerpt":{"rendered":"<p>7-9 Mart tarihleri aras\u0131nda Edirne Meri\u00e7 Nehri&#8217;nde yap\u0131lan B\u00fcy\u00fckler T\u00fcrkiye \u015eampiyonas\u0131\u2019nda Fenerbah\u00e7e K\u00fcrek \u015eubemiz, erkeklerde \u00fcst \u00fcste 9., kad\u0131nlarda ise \u00fcst \u00fcste 7. kez T\u00fcrkiye \u015eampiyonu oldu. Sar\u0131 lacivertliler, erkeklerde 860 puanla, Galatasaray\u2019\u0131n 154 puan \u00f6n\u00fcnde \u00fcst \u00fcste 9., kad\u0131nlarda ise 500 puanla, Galatasaray\u2019\u0131n 152 puan \u00f6n\u00fcnde \u00fcst \u00fcste 7. kez mutlu sona ula\u015ft\u0131. K\u00fcrek [&hellip;]<\/p>\n","protected":false},"author":1,"featured_media":27395,"comment_status":"closed","ping_status":"closed","sticky":false,"template":"","format":"standard","meta":{"jnews-multi-image_gallery":[],"jnews_single_post":{"format":"standard","override":[{"template":"1","parallax":"1","fullscreen":"1","layout":"right-sidebar","sidebar":"mysidebar","second_sidebar":"default-sidebar","sticky_sidebar":"1","share_position":"float","share_float_style":"share-normal","show_share_counter":"1","show_view_counter":"1","show_featured":"1","show_post_meta":"1","show_post_author_image":"1","show_post_date":"1","post_date_format":"default","post_date_format_custom":"Y\/m\/d","show_post_reading_time":"0","post_reading_time_wpm":"300","post_calculate_word_method":"str_word_count","show_zoom_button":"0","zoom_button_out_step":"2","zoom_button_in_step":"3","show_prev_next_post":"1","number_popup_post":"3","show_author_box":"0","show_post_related":"0","show_inline_post_related":"0"}],"image_override":[{"single_post_thumbnail_size":"crop-500","single_post_gallery_size":"crop-500"}],"trending_post_position":"meta","trending_post_label":"Trending","sponsored_post_label":"Sponsored by","disable_ad":"0"},"jnews_primary_category":{"id":"11"},"jnews_social_meta":[],"jnews_override_counter":{"view_counter_number":"0","share_counter_number":"0","like_counter_number":"0","dislike_counter_number":"0"},"footnotes":""},"categories":[2,11],"tags":[23,30],"class_list":["post-27394","post","type-post","status-publish","format-standard","has-post-thumbnail","hentry","category-haberler","category-kurek","tag-fenerbahce","tag-kurek"],"amp_enabled":true,"_links":{"self":[{"href":"https:\/\/www.fener.org\/index.php\/wp-json\/wp\/v2\/posts\/27394","targetHints":{"allow":["GET"]}}],"collection":[{"href":"https:\/\/www.fener.org\/index.php\/wp-json\/wp\/v2\/posts"}],"about":[{"href":"https:\/\/www.fener.org\/index.php\/wp-json\/wp\/v2\/types\/post"}],"author":[{"embeddable":true,"href":"https:\/\/www.fener.org\/index.php\/wp-json\/wp\/v2\/users\/1"}],"replies":[{"embeddable":true,"href":"https:\/\/www.fener.org\/index.php\/wp-json\/wp\/v2\/comments?post=27394"}],"version-history":[{"count":1,"href":"https:\/\/www.fener.org\/index.php\/wp-json\/wp\/v2\/posts\/27394\/revisions"}],"predecessor-version":[{"id":27396,"href":"https:\/\/www.fener.org\/index.php\/wp-json\/wp\/v2\/posts\/27394\/revisions\/27396"}],"wp:featuredmedia":[{"embeddable":true,"href":"https:\/\/www.fener.org\/index.php\/wp-json\/wp\/v2\/media\/27395"}],"wp:attachment":[{"href":"https:\/\/www.fener.org\/index.php\/wp-json\/wp\/v2\/media?parent=27394"}],"wp:term":[{"taxonomy":"category","embeddable":true,"href":"https:\/\/www.fener.org\/index.php\/wp-json\/wp\/v2\/categories?post=27394"},{"taxonomy":"post_tag","embeddable":true,"href":"https:\/\/www.fener.org\/index.php\/wp-json\/wp\/v2\/tags?post=27394"}],"curies":[{"name":"wp","href":"https:\/\/api.w.org\/{rel}","templated":true}]}}