{"id":27392,"date":"2025-03-09T16:01:02","date_gmt":"2025-03-09T13:01:02","guid":{"rendered":"https:\/\/www.fener.org\/?p=27392"},"modified":"2025-03-09T16:01:07","modified_gmt":"2025-03-09T13:01:07","slug":"u19-ve-u17-takimlarimizin-mac-sonuclari","status":"publish","type":"post","link":"https:\/\/www.fener.org\/index.php\/2025\/03\/09\/u19-ve-u17-takimlarimizin-mac-sonuclari\/","title":{"rendered":"U19 ve U17 Tak\u0131mlar\u0131m\u0131z\u0131n ma\u00e7 sonu\u00e7lar\u0131"},"content":{"rendered":"\n<p>U19 Tak\u0131m\u0131m\u0131z Kayserispor&#8217;u 2-0 yenerken, U17 Tak\u0131m\u0131m\u0131z ise deplasmanda Bursaspor ile berabere kald\u0131.<\/p>\n\n\n\n<p>U19 Tak\u0131m\u0131m\u0131z, ligin 29. haftas\u0131nda Bellona Kayserispor\u2019u a\u011f\u0131rlad\u0131. Fenerbah\u00e7e Derea\u011fz\u0131 Lefter K\u00fc\u00e7\u00fckandonyadis Tesisleri\u2019nde &nbsp;oynanan ma\u00e7\u0131 2-0 kazanan tak\u0131m\u0131m\u0131z, puan\u0131n\u0131 44\u2019e y\u00fckseltti. Ekibimizin gollerini 71. dakikada G\u00f6rkem \u0130brahim Demirel ile 90+4. dakikada Kerem Kayaaras\u0131 kaydetti.<\/p>\n\n\n\n<p>U17 Tak\u0131m\u0131m\u0131z ise&nbsp;ligin 28. haftas\u0131nda Bursaspor\u2019a konuk oldu. Vak\u0131fk\u00f6y Tesisleri\u2019nde oynanan ma\u00e7 0-0 e\u015fitlikle tamamland\u0131.&nbsp;Haftay\u0131 1 puanla kapatan tak\u0131m\u0131m\u0131z, puan\u0131n\u0131 42\u2019ye \u00e7\u0131kartt\u0131.<\/p>\n","protected":false},"excerpt":{"rendered":"<p>U19 Tak\u0131m\u0131m\u0131z Kayserispor&#8217;u 2-0 yenerken, U17 Tak\u0131m\u0131m\u0131z ise deplasmanda Bursaspor ile berabere kald\u0131. U19 Tak\u0131m\u0131m\u0131z, ligin 29. haftas\u0131nda Bellona Kayserispor\u2019u a\u011f\u0131rlad\u0131. Fenerbah\u00e7e Derea\u011fz\u0131 Lefter K\u00fc\u00e7\u00fckandonyadis Tesisleri\u2019nde &nbsp;oynanan ma\u00e7\u0131 2-0 kazanan tak\u0131m\u0131m\u0131z, puan\u0131n\u0131 44\u2019e y\u00fckseltti. Ekibimizin gollerini 71. dakikada G\u00f6rkem \u0130brahim Demirel ile 90+4. dakikada Kerem Kayaaras\u0131 kaydetti. U17 Tak\u0131m\u0131m\u0131z ise&nbsp;ligin 28. haftas\u0131nda Bursaspor\u2019a konuk oldu. [&hellip;]<\/p>\n","protected":false},"author":1,"featured_media":1278,"comment_status":"closed","ping_status":"closed","sticky":false,"template":"","format":"standard","meta":{"jnews-multi-image_gallery":[],"jnews_single_post":{"format":"standard","override":[{"template":"1","parallax":"1","fullscreen":"1","layout":"right-sidebar","sidebar":"mysidebar","second_sidebar":"default-sidebar","sticky_sidebar":"1","share_position":"float","share_float_style":"share-normal","show_share_counter":"1","show_view_counter":"1","show_featured":"1","show_post_meta":"1","show_post_author_image":"1","show_post_date":"1","post_date_format":"default","post_date_format_custom":"Y\/m\/d","show_post_reading_time":"0","post_reading_time_wpm":"300","post_calculate_word_method":"str_word_count","show_zoom_button":"0","zoom_button_out_step":"2","zoom_button_in_step":"3","show_prev_next_post":"1","number_popup_post":"3","show_author_box":"0","show_post_related":"0","show_inline_post_related":"0"}],"image_override":[{"single_post_thumbnail_size":"crop-500","single_post_gallery_size":"crop-500"}],"trending_post_position":"meta","trending_post_label":"Trending","sponsored_post_label":"Sponsored by","disable_ad":"0"},"jnews_primary_category":{"id":"4"},"jnews_social_meta":[],"jnews_override_counter":{"view_counter_number":"0","share_counter_number":"0","like_counter_number":"0","dislike_counter_number":"0"},"footnotes":""},"categories":[4,17,2],"tags":[23,54],"class_list":["post-27392","post","type-post","status-publish","format-standard","has-post-thumbnail","hentry","category-futbol","category-futbol-altyapi","category-haberler","tag-fenerbahce","tag-futbol"],"amp_enabled":true,"_links":{"self":[{"href":"https:\/\/www.fener.org\/index.php\/wp-json\/wp\/v2\/posts\/27392","targetHints":{"allow":["GET"]}}],"collection":[{"href":"https:\/\/www.fener.org\/index.php\/wp-json\/wp\/v2\/posts"}],"about":[{"href":"https:\/\/www.fener.org\/index.php\/wp-json\/wp\/v2\/types\/post"}],"author":[{"embeddable":true,"href":"https:\/\/www.fener.org\/index.php\/wp-json\/wp\/v2\/users\/1"}],"replies":[{"embeddable":true,"href":"https:\/\/www.fener.org\/index.php\/wp-json\/wp\/v2\/comments?post=27392"}],"version-history":[{"count":1,"href":"https:\/\/www.fener.org\/index.php\/wp-json\/wp\/v2\/posts\/27392\/revisions"}],"predecessor-version":[{"id":27393,"href":"https:\/\/www.fener.org\/index.php\/wp-json\/wp\/v2\/posts\/27392\/revisions\/27393"}],"wp:featuredmedia":[{"embeddable":true,"href":"https:\/\/www.fener.org\/index.php\/wp-json\/wp\/v2\/media\/1278"}],"wp:attachment":[{"href":"https:\/\/www.fener.org\/index.php\/wp-json\/wp\/v2\/media?parent=27392"}],"wp:term":[{"taxonomy":"category","embeddable":true,"href":"https:\/\/www.fener.org\/index.php\/wp-json\/wp\/v2\/categories?post=27392"},{"taxonomy":"post_tag","embeddable":true,"href":"https:\/\/www.fener.org\/index.php\/wp-json\/wp\/v2\/tags?post=27392"}],"curies":[{"name":"wp","href":"https:\/\/api.w.org\/{rel}","templated":true}]}}