{"id":27362,"date":"2025-03-07T00:33:58","date_gmt":"2025-03-06T21:33:58","guid":{"rendered":"https:\/\/www.fener.org\/?p=27362"},"modified":"2025-03-07T00:34:07","modified_gmt":"2025-03-06T21:34:07","slug":"jose-mourinho-maglubiyeti-hep-birlikte-hak-ettik","status":"publish","type":"post","link":"https:\/\/www.fener.org\/index.php\/2025\/03\/07\/jose-mourinho-maglubiyeti-hep-birlikte-hak-ettik\/","title":{"rendered":"Jose Mourinho: Ma\u011flubiyeti hep birlikte hak ettik"},"content":{"rendered":"\n<p>Teknik Direkt\u00f6r\u00fcm\u00fcz Jose Mourinho, UEFA Avrupa Ligi son 16 turu ilk ma\u00e7\u0131nda \u0130sko\u00e7ya ekibi Rangers\u2019a 3-1 ma\u011flup oldu\u011fumuz ma\u00e7\u0131n ard\u0131ndan yay\u0131nc\u0131 kurulu\u015fa \u015f\u00f6yle konu\u015ftu:<\/p>\n\n\n\n<blockquote class=\"wp-block-quote is-layout-flow wp-block-quote-is-layout-flow\">\n<p>\u201cHak edilmi\u015f bir ma\u011flubiyet. Bug\u00fcn onlar daha iyilerdi. Hata yapmad\u0131lar. Biz sahan\u0131n her yerinde hata yapt\u0131k. \u00d6n b\u00f6lgede \u00e7ok basit pozisyonlar harcad\u0131k. Kalecinin de yapm\u0131\u015f oldu\u011fu birka\u00e7 tane harika kurtar\u0131\u015f vard\u0131. Orta sahada \u00e7ok fazla hata yapt\u0131k. Savunma hatt\u0131nda b\u00fct\u00fcn ikili m\u00fccadeleleri kaybettik. Bana tur bitti mi diye sorarsan\u0131z, hay\u0131r bence bitmedi. 3-1 gerideyiz ve 90 dakika daha var. O y\u00fczden bana g\u00f6re hen\u00fcz tur bitmedi.<\/p>\n\n\n\n<p>Herhangi bir etkisinin oldu\u011funu d\u00fc\u015f\u00fcnm\u00fcyorum. \u00c7\u00fcnk\u00fc ikinci yar\u0131da ilk yar\u0131da yapm\u0131\u015f oldu\u011fumuz hatalar\u0131 yapmaya devam ettik. Dessers iyi bir oyuncu ama bug\u00fcn d\u00fcnyan\u0131n en iyi oyuncusu gibi g\u00f6z\u00fckt\u00fc ki \u00f6yle de\u011fil. Bizim savunma \u00f6n\u00fcm\u00fczde her hava topunu ald\u0131. Bir bahane olarak sundu\u011fumu d\u00fc\u015f\u00fcnmenizi istemiyorum ama orta sahada Fred\u2019in eksikli\u011fini organizasyon anlam\u0131nda hissettik. \u00d6n b\u00f6lgede kay\u0131plar yapt\u0131k. \u00c7ok hareketli de\u011fildik. Pozisyonlar ka\u00e7\u0131rd\u0131k. \u0130yi \u015futlar\u0131m\u0131z\u0131 da kaleci kurtard\u0131. G\u00fcn\u00fcn sonunda bizim a\u00e7\u0131m\u0131zdan k\u00f6t\u00fc bir performanst\u0131 ve bu sonucu kabul etmemiz gerekiyor.<\/p>\n\n\n\n<p>Taraftarlar\u0131n asl\u0131nda bug\u00fcn tak\u0131m gibi olduklar\u0131n\u0131 d\u00fc\u015f\u00fcn\u00fcyordum; t\u0131pk\u0131 tak\u0131m gibi, tak\u0131m\u0131n teknik direkt\u00f6r\u00fc gibi onlar i\u00e7in de d\u00fcz diyebilece\u011fim bir g\u00fcnlerindeydiler. Bug\u00fcn onlar da \u00e7ok b\u00fcy\u00fck bir destek g\u00f6steremediler ama tak\u0131m da \u00e7ok iyi bir performans sergileyemedi. Teknik direkt\u00f6r de \u00e7ok iyi bir performans sergileyemedi. Dolay\u0131s\u0131yla hep birlikte bu ma\u011flubiyeti hak ettik. Onlar\u0131n stadyumuna dezavantajl\u0131 bir skorla gidiyoruz. Ibrox Stadyumunu \u00e7ok iyi biliyorum. Orada onlara kar\u015f\u0131 harika bir destek olacak. Birka\u00e7 g\u00fcnl\u00fck dinlenme f\u0131rsat\u0131m\u0131z olacak ki uzun zamand\u0131r bu dinlenme f\u0131rsat\u0131n\u0131 yakalayamam\u0131\u015ft\u0131k. Mesela Skriniar geldi\u011finden beri 10 ma\u00e7 \u00fcst \u00fcste 90 dakika oynad\u0131. Kendimizi bu sonu\u00e7tan dolay\u0131 su\u00e7lamak d\u0131\u015f\u0131nda bug\u00fcn herhangi bir ba\u015fka bir \u015fey konu\u015fmam\u0131z gerekiyor.\u201d<\/p>\n<\/blockquote>\n","protected":false},"excerpt":{"rendered":"<p>Teknik Direkt\u00f6r\u00fcm\u00fcz Jose Mourinho, UEFA Avrupa Ligi son 16 turu ilk ma\u00e7\u0131nda \u0130sko\u00e7ya ekibi Rangers\u2019a 3-1 ma\u011flup oldu\u011fumuz ma\u00e7\u0131n ard\u0131ndan yay\u0131nc\u0131 kurulu\u015fa \u015f\u00f6yle konu\u015ftu: \u201cHak edilmi\u015f bir ma\u011flubiyet. Bug\u00fcn onlar daha iyilerdi. Hata yapmad\u0131lar. Biz sahan\u0131n her yerinde hata yapt\u0131k. \u00d6n b\u00f6lgede \u00e7ok basit pozisyonlar harcad\u0131k. Kalecinin de yapm\u0131\u015f oldu\u011fu birka\u00e7 tane harika kurtar\u0131\u015f vard\u0131. [&hellip;]<\/p>\n","protected":false},"author":1,"featured_media":27363,"comment_status":"closed","ping_status":"closed","sticky":false,"template":"","format":"standard","meta":{"jnews-multi-image_gallery":[],"jnews_single_post":{"format":"standard","override":[{"template":"1","parallax":"1","fullscreen":"1","layout":"right-sidebar","sidebar":"mysidebar","second_sidebar":"default-sidebar","sticky_sidebar":"1","share_position":"float","share_float_style":"share-normal","show_share_counter":"1","show_view_counter":"1","show_featured":"1","show_post_meta":"1","show_post_author_image":"1","show_post_date":"1","post_date_format":"default","post_date_format_custom":"Y\/m\/d","show_post_reading_time":"0","post_reading_time_wpm":"300","post_calculate_word_method":"str_word_count","show_zoom_button":"0","zoom_button_out_step":"2","zoom_button_in_step":"3","show_prev_next_post":"1","number_popup_post":"3","show_author_box":"0","show_post_related":"0","show_inline_post_related":"0"}],"image_override":[{"single_post_thumbnail_size":"crop-500","single_post_gallery_size":"crop-500"}],"trending_post_position":"meta","trending_post_label":"Trending","sponsored_post_label":"Sponsored by","disable_ad":"0","subtitle":"Teknik Direkt\u00f6r\u00fcm\u00fcz Jose Mourinho, Rangers ma\u00e7\u0131n\u0131 de\u011ferlendirdi."},"jnews_primary_category":{"id":"4"},"jnews_social_meta":[],"jnews_override_counter":{"view_counter_number":"0","share_counter_number":"0","like_counter_number":"0","dislike_counter_number":"0"},"footnotes":""},"categories":[4,2,47],"tags":[23,54],"class_list":["post-27362","post","type-post","status-publish","format-standard","has-post-thumbnail","hentry","category-futbol","category-haberler","category-profesyonel-a-futbol-takimi","tag-fenerbahce","tag-futbol"],"amp_enabled":true,"_links":{"self":[{"href":"https:\/\/www.fener.org\/index.php\/wp-json\/wp\/v2\/posts\/27362","targetHints":{"allow":["GET"]}}],"collection":[{"href":"https:\/\/www.fener.org\/index.php\/wp-json\/wp\/v2\/posts"}],"about":[{"href":"https:\/\/www.fener.org\/index.php\/wp-json\/wp\/v2\/types\/post"}],"author":[{"embeddable":true,"href":"https:\/\/www.fener.org\/index.php\/wp-json\/wp\/v2\/users\/1"}],"replies":[{"embeddable":true,"href":"https:\/\/www.fener.org\/index.php\/wp-json\/wp\/v2\/comments?post=27362"}],"version-history":[{"count":1,"href":"https:\/\/www.fener.org\/index.php\/wp-json\/wp\/v2\/posts\/27362\/revisions"}],"predecessor-version":[{"id":27364,"href":"https:\/\/www.fener.org\/index.php\/wp-json\/wp\/v2\/posts\/27362\/revisions\/27364"}],"wp:featuredmedia":[{"embeddable":true,"href":"https:\/\/www.fener.org\/index.php\/wp-json\/wp\/v2\/media\/27363"}],"wp:attachment":[{"href":"https:\/\/www.fener.org\/index.php\/wp-json\/wp\/v2\/media?parent=27362"}],"wp:term":[{"taxonomy":"category","embeddable":true,"href":"https:\/\/www.fener.org\/index.php\/wp-json\/wp\/v2\/categories?post=27362"},{"taxonomy":"post_tag","embeddable":true,"href":"https:\/\/www.fener.org\/index.php\/wp-json\/wp\/v2\/tags?post=27362"}],"curies":[{"name":"wp","href":"https:\/\/api.w.org\/{rel}","templated":true}]}}