{"id":27358,"date":"2025-03-06T22:58:01","date_gmt":"2025-03-06T19:58:01","guid":{"rendered":"https:\/\/www.fener.org\/?p=27358"},"modified":"2025-03-06T23:29:13","modified_gmt":"2025-03-06T20:29:13","slug":"fenerbahce-1-3-rangers-fc","status":"publish","type":"post","link":"https:\/\/www.fener.org\/index.php\/2025\/03\/06\/fenerbahce-1-3-rangers-fc\/","title":{"rendered":"Fenerbah\u00e7e 1-3 Rangers FC"},"content":{"rendered":"\n<p>Fenerbah\u00e7emiz, UEFA Avrupa Ligi son 16 turu ilk ma\u00e7\u0131nda Rangers FC\u2019ya 3-1 ma\u011flup oldu. Ekibimizin tek gol\u00fc 30. dakikada Alexander Djiku\u2019dan geldi. Bu ma\u00e7\u0131n r\u00f6van\u015f\u0131 13 Mart Per\u015fembe g\u00fcn\u00fc \u0130sko\u00e7ya\u2019da oynanacak.<\/p>\n\n\n\n<p>Tak\u0131m\u0131n\u0131 desteklemek i\u00e7in \u0130stanbul\u2019a gelen bir Rangers FC taraftar\u0131n\u0131n ge\u00e7irdi\u011fi trafik kazas\u0131 sonucu vefat etmesi nedeniyle iki tak\u0131m oyuncular\u0131 kar\u015f\u0131la\u015fmaya kollar\u0131nda siyah bant ile \u00e7\u0131kt\u0131lar.<\/p>\n\n\n<p><strong>Ma\u00e7tan dakikalar:<\/strong><br \/><br \/>6. dakikada Rangers \u00f6ne ge\u00e7ti. Ceza sahas\u0131n\u0131n hemen d\u0131\u015f\u0131nda Szymanski&#8217;nin topu kapt\u0131rmas\u0131n\u0131n ard\u0131ndan olu\u015fan karambolde Skriniar&#8217;\u0131n uzakla\u015ft\u0131rmak istedi\u011fi top Diomande&#8217;ye \u00e7arparak Dessers&#8217;in \u00f6n\u00fcnde kald\u0131. Dessers, \u0130rfan Can E\u011fribayat&#8217;\u0131 ge\u00e7tikten sonra ceza sahas\u0131 i\u00e7i sa\u011f \u00e7aprazda dar a\u00e7\u0131dan \u015futunda, \u00c7a\u011flar S\u00f6y\u00fcnc\u00fc&#8217;n\u00fcn m\u00fcdahalesi yeterli olmad\u0131 ve hakem Alejandro Hernandez, topun \u00e7izgiyi ge\u00e7ti\u011fine karar verdi: 0-1<br \/><br \/>19. dakikada sol kanattan ceza sahas\u0131na giren Kostic, son \u00e7izgiden topu i\u00e7eriye \u00e7evirdi. En-Nesyri&#8217;nin bekletmeden yapt\u0131\u011f\u0131 vuru\u015fta, me\u015fin yuvarlak \u00fcstten auta \u00e7\u0131kt\u0131.<br \/><br \/>23. dakikada Fenerbah\u00e7emiz gole yakla\u015ft\u0131. Soldan Kostic&#8217;in ortas\u0131nda penalt\u0131 noktas\u0131nda En-Nesyri topu g\u00f6\u011fs\u00fcyle Dzeko&#8217;nun \u00f6n\u00fcne b\u0131rakt\u0131. Bosna Hersekli futbolcunun kaleyi cepheden g\u00f6ren noktadan \u00e7\u0131kard\u0131\u011f\u0131 \u015futta kaleci Butland, me\u015fin yuvarla\u011f\u0131 kornere \u00e7eldi.<br \/><br \/>30. dakikada ekibimiz beraberli\u011fi yakalad\u0131. Sa\u011fdan Szymanski&#8217;nin kulland\u0131\u011f\u0131 kornerde \u00f6n tarafta Rangers savunmas\u0131n\u0131n uzakla\u015ft\u0131rmak istedi\u011fi top, arka dire\u011fe y\u00f6neldi. Djiku&#8217;nun bu noktadan yapt\u0131\u011f\u0131 \u015f\u0131k vuru\u015fta me\u015fin yuvarlak filelerle bulu\u015ftu: 1-1<br \/><br \/>42. dakikada Rangers skoru yeniden lehine \u00e7evirdi. Cerny, ceza sahas\u0131 d\u0131\u015f\u0131ndan pas\u0131n\u0131 sa\u011f \u00e7aprazdaki Dessers&#8217;e verdi. Bu oyuncu me\u015fin yuvarla\u011f\u0131 bekletmeden kale alan\u0131na y\u00f6nelen Cerny ile bulu\u015fturdu. Cerny&#8217;nin arka direkte yerden yapt\u0131\u011f\u0131 vuru\u015fta top a\u011flara gitti: 1-2<br \/><br \/>Rangers, ilk devreyi 2-1 \u00f6nde bitirdi.<br \/><br \/>66. dakikada Saint-Maximin&#8217;in sol \u00e7aprazdan ortas\u0131nda En-Nesyri&#8217;nin ceza sahas\u0131 i\u00e7inde yapt\u0131\u011f\u0131 kafa vuru\u015funda, top dire\u011fin yan\u0131ndan auta \u00e7\u0131kt\u0131.<br \/><br \/>75. dakikada Tadic&#8217;in sa\u011fdan kulland\u0131\u011f\u0131 kornerde \u00f6n direkte Djiku&#8217;nun kafa vuru\u015funda, me\u015fin yuvarlak az farkla d\u0131\u015far\u0131 gitti.<br \/><br \/>81. dakikada Rangers fark\u0131 2&#8217;ye \u00e7\u0131kard\u0131. Raskin&#8217;in kendi yar\u0131 sahas\u0131ndan uzun pas\u0131nda savunman\u0131n arkas\u0131na hareketlenen Cerny, sa\u011f \u00e7aprazdan ceza sahas\u0131na girdikten sonra yapt\u0131\u011f\u0131 vuru\u015fta me\u015fin yuvarla\u011f\u0131 kaleci \u0130rfan Can&#8217;\u0131n sa\u011f\u0131ndan a\u011flara g\u00f6nderdi: 1-3<br \/><br \/>90+1. dakikada Dzeko&#8217;nun pas\u0131nda Talisca&#8217;n\u0131n yay\u0131n solundan ceza sahas\u0131na girdikten sonra \u00e7\u0131kard\u0131\u011f\u0131 \u015futta kaleci Butland topu kornere \u00e7eldi.<br \/><br \/>Rangers, kar\u015f\u0131la\u015fmadan 3-1 galip ayr\u0131ld\u0131.<\/p>","protected":false},"excerpt":{"rendered":"<p>Fenerbah\u00e7emiz, UEFA Avrupa Ligi son 16 turu ilk ma\u00e7\u0131nda Rangers FC\u2019ya 3-1 ma\u011flup oldu. Ekibimizin tek gol\u00fc 30. dakikada Alexander Djiku\u2019dan geldi. Bu ma\u00e7\u0131n r\u00f6van\u015f\u0131 13 Mart Per\u015fembe g\u00fcn\u00fc \u0130sko\u00e7ya\u2019da oynanacak. Tak\u0131m\u0131n\u0131 desteklemek i\u00e7in \u0130stanbul\u2019a gelen bir Rangers FC taraftar\u0131n\u0131n ge\u00e7irdi\u011fi trafik kazas\u0131 sonucu vefat etmesi nedeniyle iki tak\u0131m oyuncular\u0131 kar\u015f\u0131la\u015fmaya kollar\u0131nda siyah bant ile [&hellip;]<\/p>\n","protected":false},"author":1,"featured_media":27359,"comment_status":"closed","ping_status":"closed","sticky":false,"template":"","format":"standard","meta":{"jnews-multi-image_gallery":[],"jnews_single_post":{"format":"standard","override":[{"template":"1","parallax":"1","fullscreen":"1","layout":"right-sidebar","sidebar":"mysidebar","second_sidebar":"default-sidebar","sticky_sidebar":"1","share_position":"float","share_float_style":"share-normal","show_share_counter":"1","show_view_counter":"1","show_featured":"1","show_post_meta":"1","show_post_author_image":"1","show_post_date":"1","post_date_format":"default","post_date_format_custom":"Y\/m\/d","show_post_reading_time":"0","post_reading_time_wpm":"300","post_calculate_word_method":"str_word_count","show_zoom_button":"0","zoom_button_out_step":"2","zoom_button_in_step":"3","show_prev_next_post":"1","number_popup_post":"3","show_author_box":"0","show_post_related":"0","show_inline_post_related":"0"}],"image_override":[{"single_post_thumbnail_size":"crop-500","single_post_gallery_size":"crop-500"}],"trending_post_position":"meta","trending_post_label":"Trending","sponsored_post_label":"Sponsored by","disable_ad":"0","subtitle":"Fenerbah\u00e7e, UEFA Avrupa Ligi son 16 turu ilk ma\u00e7\u0131nda sahas\u0131nda Rangers FC ile oynad\u0131\u011f\u0131 m\u00fccadeleden 3-1 ma\u011flup ayr\u0131ld\u0131."},"jnews_primary_category":{"id":"4"},"jnews_social_meta":[],"jnews_override_counter":{"view_counter_number":"0","share_counter_number":"0","like_counter_number":"0","dislike_counter_number":"0"},"footnotes":""},"categories":[4,2,47],"tags":[23,54],"class_list":["post-27358","post","type-post","status-publish","format-standard","has-post-thumbnail","hentry","category-futbol","category-haberler","category-profesyonel-a-futbol-takimi","tag-fenerbahce","tag-futbol"],"amp_enabled":true,"_links":{"self":[{"href":"https:\/\/www.fener.org\/index.php\/wp-json\/wp\/v2\/posts\/27358","targetHints":{"allow":["GET"]}}],"collection":[{"href":"https:\/\/www.fener.org\/index.php\/wp-json\/wp\/v2\/posts"}],"about":[{"href":"https:\/\/www.fener.org\/index.php\/wp-json\/wp\/v2\/types\/post"}],"author":[{"embeddable":true,"href":"https:\/\/www.fener.org\/index.php\/wp-json\/wp\/v2\/users\/1"}],"replies":[{"embeddable":true,"href":"https:\/\/www.fener.org\/index.php\/wp-json\/wp\/v2\/comments?post=27358"}],"version-history":[{"count":2,"href":"https:\/\/www.fener.org\/index.php\/wp-json\/wp\/v2\/posts\/27358\/revisions"}],"predecessor-version":[{"id":27361,"href":"https:\/\/www.fener.org\/index.php\/wp-json\/wp\/v2\/posts\/27358\/revisions\/27361"}],"wp:featuredmedia":[{"embeddable":true,"href":"https:\/\/www.fener.org\/index.php\/wp-json\/wp\/v2\/media\/27359"}],"wp:attachment":[{"href":"https:\/\/www.fener.org\/index.php\/wp-json\/wp\/v2\/media?parent=27358"}],"wp:term":[{"taxonomy":"category","embeddable":true,"href":"https:\/\/www.fener.org\/index.php\/wp-json\/wp\/v2\/categories?post=27358"},{"taxonomy":"post_tag","embeddable":true,"href":"https:\/\/www.fener.org\/index.php\/wp-json\/wp\/v2\/tags?post=27358"}],"curies":[{"name":"wp","href":"https:\/\/api.w.org\/{rel}","templated":true}]}}