{"id":27353,"date":"2025-03-05T21:52:46","date_gmt":"2025-03-05T18:52:46","guid":{"rendered":"https:\/\/www.fener.org\/?p=27353"},"modified":"2025-03-05T21:52:56","modified_gmt":"2025-03-05T18:52:56","slug":"fenerbahce-medicana-sampiyonlar-ligi-ceyrek-final-ilk-macinda-vakifbanki-3-0-maglup-etti","status":"publish","type":"post","link":"https:\/\/www.fener.org\/index.php\/2025\/03\/05\/fenerbahce-medicana-sampiyonlar-ligi-ceyrek-final-ilk-macinda-vakifbanki-3-0-maglup-etti\/","title":{"rendered":"Fenerbah\u00e7e Medicana, \u015eampiyonlar Ligi \u00e7eyrek final ilk ma\u00e7\u0131nda Vak\u0131fBank\u2019\u0131 3-0 ma\u011flup etti"},"content":{"rendered":"\n<p>Fenerbah\u00e7e Medicana Kad\u0131n Voleybol Tak\u0131m\u0131m\u0131z, CEV Kad\u0131nlar \u015eampiyonlar Ligi \u00e7eyrek final ilk ma\u00e7\u0131nda Vak\u0131fBank ile kar\u015f\u0131la\u015ft\u0131. Tak\u0131m\u0131m\u0131z, Vak\u0131fBank Spor Saray\u0131&#8217;nda oynanan m\u00fccadeleden 21-25, 23-25 ve 27-29\u2019luk setler sonunda 3-0 galip ayr\u0131ld\u0131 ve \u00f6nemli bir avantaj elde etti.<\/p>\n\n\n\n<p>12 Mart \u00c7ar\u015famba g\u00fcn\u00fc Burhan Felek Vestel Voleybol Salonu&#8217;nda oynanacak r\u00f6van\u015f ma\u00e7\u0131nda Tak\u0131m\u0131m\u0131z, 2 set almas\u0131 halinde ad\u0131n\u0131 Final Four\u2019a yazd\u0131racak.<\/p>\n\n\n\n<p>Fenerbah\u00e7emizde Arina Fedorovtseva kar\u015f\u0131la\u015fman\u0131n en de\u011ferli oyuncusu se\u00e7ildi.<\/p>\n\n\n\n<p>Kad\u0131n Voleybol Tak\u0131m\u0131m\u0131z m\u00fccadeleye; Hristina Vuchkova, Asl\u0131 Kala\u00e7, Ana Cristina De Souza, Bojana Drca, Melissa Vargas, Arina Fedorovtseva alt\u0131s\u0131 ve libero Gizem \u00d6rge\u2019yle ba\u015flad\u0131.<\/p>\n\n\n\n<p>Bojana Drca ve Asl\u0131 Kala\u00e7\u2019la sete h\u0131zl\u0131 ba\u015flayan Fenerbah\u00e7e Medicana Kad\u0131n Voleybol Tak\u0131m\u0131m\u0131z, 2-4\u2019\u00fc buldu. Ev sahibi Vak\u0131fBank, Yuan ve Markova ikilisiyle skora denge getirdi. (4-4) Melissa Vargas ve Ana Cristina De Souza gibi y\u00fcksek h\u00fccum y\u00fczdesine sahip isimleriyle rakibe zor anlar ya\u015fatan Tak\u0131m\u0131m\u0131z, yeniden skor \u00fcst\u00fcnl\u00fc\u011f\u00fcn\u00fc eline ald\u0131. (11-15) Bojana Drca\u2019n\u0131n ak\u0131l dolu oyunuyla fark yaratt\u0131\u011f\u0131 setin devam\u0131nda skor da 14-18\u2019e geldi. Arina Fedorovtseva\u2019n\u0131n da skorer oyunuyla fark\u0131n 8 say\u0131ya (15-23) kadar \u00e7\u0131kt\u0131\u011f\u0131 sette, ev sahibi tak\u0131m her ne kadar fark\u0131 eritse de(20-23) kazanan taraf Fenerbah\u00e7e Medicana Kad\u0131n Voleybol Tak\u0131m\u0131m\u0131z oldu. (21-25)<\/p>\n\n\n\n<p>Kar\u015f\u0131l\u0131kl\u0131 say\u0131larla ba\u015flayan ikinci sette skor da bir s\u00fcre dengede seyretti.(6-6, 9-9) Devam eden b\u00f6l\u00fcmde Vargas ve Arina\u2019n\u0131n \u00fcretken oyunuyla skor 11-13\u2019e geldi. Her iki tak\u0131m ad\u0131na da skorerlerin devreye girdi\u011fi b\u00f6l\u00fcmde skor da e\u015fitlendi. (15-15) Skor \u00fcst\u00fcnl\u00fc\u011f\u00fcn\u00fcn s\u00fcrekli el de\u011fi\u015ftirdi\u011fi sette son b\u00f6l\u00fcme 20-21\u2019le \u00f6nde giren Fenerbah\u00e7emiz, Ana Cristina De Souza\u2019n\u0131n servis turu, Melissa Vargas\u2019\u0131n da etkili h\u00fccumlar\u0131yla sonuca gitti ve seti 23-25 kazand\u0131.<\/p>\n\n\n\n<p>\u00dc\u00e7\u00fcnc\u00fc set daha dengeli bir oyuna sahne oldu. Skor \u00fcst\u00fcnl\u00fc\u011f\u00fcn\u00fcn zaman zaman el de\u011fi\u015ftirdi\u011fi setin karar anlar\u0131nda devreye giren skorer oyuncular\u0131m\u0131zla sonuca giden Fenerbah\u00e7emiz, seti 27-29; ma\u00e7\u0131 da 3-0 kazanarak \u015eampiyonlar Ligi \u00e7eyrek final ilk ma\u00e7\u0131ndan zaferle ayr\u0131ld\u0131.<\/p>\n","protected":false},"excerpt":{"rendered":"<p>Fenerbah\u00e7e Medicana Kad\u0131n Voleybol Tak\u0131m\u0131m\u0131z, CEV Kad\u0131nlar \u015eampiyonlar Ligi \u00e7eyrek final ilk ma\u00e7\u0131nda Vak\u0131fBank ile kar\u015f\u0131la\u015ft\u0131. Tak\u0131m\u0131m\u0131z, Vak\u0131fBank Spor Saray\u0131&#8217;nda oynanan m\u00fccadeleden 21-25, 23-25 ve 27-29\u2019luk setler sonunda 3-0 galip ayr\u0131ld\u0131 ve \u00f6nemli bir avantaj elde etti. 12 Mart \u00c7ar\u015famba g\u00fcn\u00fc Burhan Felek Vestel Voleybol Salonu&#8217;nda oynanacak r\u00f6van\u015f ma\u00e7\u0131nda Tak\u0131m\u0131m\u0131z, 2 set almas\u0131 halinde ad\u0131n\u0131 [&hellip;]<\/p>\n","protected":false},"author":1,"featured_media":27354,"comment_status":"closed","ping_status":"closed","sticky":false,"template":"","format":"standard","meta":{"jnews-multi-image_gallery":[],"jnews_single_post":{"format":"standard","override":[{"template":"1","parallax":"1","fullscreen":"1","layout":"right-sidebar","sidebar":"mysidebar","second_sidebar":"default-sidebar","sticky_sidebar":"1","share_position":"float","share_float_style":"share-normal","show_share_counter":"1","show_view_counter":"1","show_featured":"1","show_post_meta":"1","show_post_author_image":"1","show_post_date":"1","post_date_format":"default","post_date_format_custom":"Y\/m\/d","show_post_reading_time":"0","post_reading_time_wpm":"300","post_calculate_word_method":"str_word_count","show_zoom_button":"0","zoom_button_out_step":"2","zoom_button_in_step":"3","show_prev_next_post":"1","number_popup_post":"3","show_author_box":"0","show_post_related":"0","show_inline_post_related":"0"}],"image_override":[{"single_post_thumbnail_size":"crop-500","single_post_gallery_size":"crop-500"}],"trending_post_position":"meta","trending_post_label":"Trending","sponsored_post_label":"Sponsored by","disable_ad":"0","subtitle":"Fenerbah\u00e7e Kad\u0131n Voleybol Tak\u0131m\u0131m\u0131z, CEV Kad\u0131nlar \u015eampiyonlar Ligi \u00e7eyrek final ilk ma\u00e7\u0131nda Vak\u0131fBank ile deplasmanda oynad\u0131\u011f\u0131 kar\u015f\u0131la\u015fmadan 3-0 galip ayr\u0131ld\u0131."},"jnews_primary_category":{"id":"8"},"jnews_social_meta":[],"jnews_override_counter":{"view_counter_number":"0","share_counter_number":"0","like_counter_number":"0","dislike_counter_number":"0"},"footnotes":""},"categories":[2,10,8],"tags":[23,29],"class_list":["post-27353","post","type-post","status-publish","format-standard","has-post-thumbnail","hentry","category-haberler","category-kadin-voleybol","category-voleybol","tag-fenerbahce","tag-voleybol"],"amp_enabled":true,"_links":{"self":[{"href":"https:\/\/www.fener.org\/index.php\/wp-json\/wp\/v2\/posts\/27353","targetHints":{"allow":["GET"]}}],"collection":[{"href":"https:\/\/www.fener.org\/index.php\/wp-json\/wp\/v2\/posts"}],"about":[{"href":"https:\/\/www.fener.org\/index.php\/wp-json\/wp\/v2\/types\/post"}],"author":[{"embeddable":true,"href":"https:\/\/www.fener.org\/index.php\/wp-json\/wp\/v2\/users\/1"}],"replies":[{"embeddable":true,"href":"https:\/\/www.fener.org\/index.php\/wp-json\/wp\/v2\/comments?post=27353"}],"version-history":[{"count":1,"href":"https:\/\/www.fener.org\/index.php\/wp-json\/wp\/v2\/posts\/27353\/revisions"}],"predecessor-version":[{"id":27355,"href":"https:\/\/www.fener.org\/index.php\/wp-json\/wp\/v2\/posts\/27353\/revisions\/27355"}],"wp:featuredmedia":[{"embeddable":true,"href":"https:\/\/www.fener.org\/index.php\/wp-json\/wp\/v2\/media\/27354"}],"wp:attachment":[{"href":"https:\/\/www.fener.org\/index.php\/wp-json\/wp\/v2\/media?parent=27353"}],"wp:term":[{"taxonomy":"category","embeddable":true,"href":"https:\/\/www.fener.org\/index.php\/wp-json\/wp\/v2\/categories?post=27353"},{"taxonomy":"post_tag","embeddable":true,"href":"https:\/\/www.fener.org\/index.php\/wp-json\/wp\/v2\/tags?post=27353"}],"curies":[{"name":"wp","href":"https:\/\/api.w.org\/{rel}","templated":true}]}}