{"id":27348,"date":"2025-03-05T06:10:00","date_gmt":"2025-03-05T03:10:00","guid":{"rendered":"https:\/\/www.fener.org\/?p=27348"},"modified":"2025-03-05T19:20:41","modified_gmt":"2025-03-05T16:20:41","slug":"fenerbahce-medicana-cev-sampiyonlar-ligi-ceyrek-final-ilk-macinda-vakifbank-ile-karsilasiyor","status":"publish","type":"post","link":"https:\/\/www.fener.org\/index.php\/2025\/03\/05\/fenerbahce-medicana-cev-sampiyonlar-ligi-ceyrek-final-ilk-macinda-vakifbank-ile-karsilasiyor\/","title":{"rendered":"Fenerbah\u00e7e Medicana, CEV \u015eampiyonlar Ligi \u00e7eyrek final ilk ma\u00e7\u0131nda Vak\u0131fBank ile kar\u015f\u0131la\u015f\u0131yor"},"content":{"rendered":"\n<p>Fenerbah\u00e7e Medicana Kad\u0131n Voleybol Tak\u0131m\u0131m\u0131z, CEV Kad\u0131nlar \u015eampiyonlar Ligi \u00e7eyrek final ilk ma\u00e7\u0131nda Vak\u0131fBank ile kar\u015f\u0131la\u015f\u0131yor. 5 Mart \u00c7ar\u015famba g\u00fcn\u00fc Vak\u0131fBank Spor Saray\u0131&#8217;nda oynanacak m\u00fccadele saat 19.30&#8217;da ba\u015flayacak ve S Sport Plus\u2019tan naklen yay\u0131nlanacak. Kar\u015f\u0131la\u015fmada \u0130talyan Domingo Lot ile Erdal Ak\u0131nc\u0131 hakem ikilisi g\u00f6rev yapacak.<\/p>\n\n\n\n<p>Fenerbah\u00e7e Medicana, Fransa temsilcisi Neptunes Nantes, Polonya temsilcisi PGE Grot Budowlani Lodz ve Macaristan ekibi Vasas Obuda Budape\u015fte\u2019yle m\u00fccadele etti\u011fi D Grubu&#8217;nu nama\u011flup lider tamamlayarak ad\u0131n\u0131 \u00e7eyrek finale yazd\u0131rd\u0131.<\/p>\n\n\n\n<p>Numia Vero Volley Milano, FC Porto ve Calcit Kamnik\u2019le C Grubunda kar\u015f\u0131la\u015fan sar\u0131-siyahl\u0131 ekip ise elde etti\u011fi 5 galibiyet ve 1 ma\u011flubiyetle lider olarak \u00e7eyrek finale y\u00fckseldi.<\/p>\n\n\n\n<p>\u0130ki ekip bu sezon ligde iki kez kar\u015f\u0131la\u015ft\u0131. Ligin 7. haftas\u0131nda oynanan ma\u00e7\u0131 Vak\u0131fBank evinde 3-2 kazan\u0131rken, ligin 20. haftas\u0131nda Fenerbah\u00e7emizin ev sahipli\u011finde oynanan kar\u015f\u0131la\u015fmay\u0131 ise Sar\u0131 Melekler 3-1 kazand\u0131.<\/p>\n\n\n\n<p>\u00c7eyrek final r\u00f6van\u015f m\u00fccadelesi, 12 Mart \u00c7ar\u015famba g\u00fcn\u00fc Burhan Felek Vestel Voleybol Salonu&#8217;nda oynanacak.<\/p>\n","protected":false},"excerpt":{"rendered":"<p>Fenerbah\u00e7e Medicana Kad\u0131n Voleybol Tak\u0131m\u0131m\u0131z, CEV Kad\u0131nlar \u015eampiyonlar Ligi \u00e7eyrek final ilk ma\u00e7\u0131nda Vak\u0131fBank ile kar\u015f\u0131la\u015f\u0131yor. 5 Mart \u00c7ar\u015famba g\u00fcn\u00fc Vak\u0131fBank Spor Saray\u0131&#8217;nda oynanacak m\u00fccadele saat 19.30&#8217;da ba\u015flayacak ve S Sport Plus\u2019tan naklen yay\u0131nlanacak. Kar\u015f\u0131la\u015fmada \u0130talyan Domingo Lot ile Erdal Ak\u0131nc\u0131 hakem ikilisi g\u00f6rev yapacak. Fenerbah\u00e7e Medicana, Fransa temsilcisi Neptunes Nantes, Polonya temsilcisi PGE Grot [&hellip;]<\/p>\n","protected":false},"author":1,"featured_media":27082,"comment_status":"closed","ping_status":"closed","sticky":false,"template":"","format":"standard","meta":{"jnews-multi-image_gallery":[],"jnews_single_post":{"format":"standard","override":[{"template":"1","parallax":"1","fullscreen":"1","layout":"right-sidebar","sidebar":"mysidebar","second_sidebar":"default-sidebar","sticky_sidebar":"1","share_position":"float","share_float_style":"share-normal","show_share_counter":"1","show_view_counter":"1","show_featured":"1","show_post_meta":"1","show_post_author_image":"1","show_post_date":"1","post_date_format":"default","post_date_format_custom":"Y\/m\/d","show_post_reading_time":"0","post_reading_time_wpm":"300","post_calculate_word_method":"str_word_count","show_zoom_button":"0","zoom_button_out_step":"2","zoom_button_in_step":"3","show_prev_next_post":"1","number_popup_post":"3","show_author_box":"0","show_post_related":"0","show_inline_post_related":"0"}],"image_override":[{"single_post_thumbnail_size":"crop-500","single_post_gallery_size":"crop-500"}],"trending_post_position":"meta","trending_post_label":"Trending","sponsored_post_label":"Sponsored by","disable_ad":"0","subtitle":"Fenerbah\u00e7e Kad\u0131n Voleybol Tak\u0131m\u0131m\u0131z, CEV Kad\u0131nlar \u015eampiyonlar Ligi \u00e7eyrek final ilk ma\u00e7\u0131nda Vak\u0131fBank ile deplasmanda kar\u015f\u0131la\u015f\u0131yor."},"jnews_primary_category":{"id":"8"},"jnews_social_meta":[],"jnews_override_counter":{"view_counter_number":"0","share_counter_number":"0","like_counter_number":"0","dislike_counter_number":"0"},"footnotes":""},"categories":[2,10,8],"tags":[23,29],"class_list":["post-27348","post","type-post","status-publish","format-standard","has-post-thumbnail","hentry","category-haberler","category-kadin-voleybol","category-voleybol","tag-fenerbahce","tag-voleybol"],"amp_enabled":true,"_links":{"self":[{"href":"https:\/\/www.fener.org\/index.php\/wp-json\/wp\/v2\/posts\/27348","targetHints":{"allow":["GET"]}}],"collection":[{"href":"https:\/\/www.fener.org\/index.php\/wp-json\/wp\/v2\/posts"}],"about":[{"href":"https:\/\/www.fener.org\/index.php\/wp-json\/wp\/v2\/types\/post"}],"author":[{"embeddable":true,"href":"https:\/\/www.fener.org\/index.php\/wp-json\/wp\/v2\/users\/1"}],"replies":[{"embeddable":true,"href":"https:\/\/www.fener.org\/index.php\/wp-json\/wp\/v2\/comments?post=27348"}],"version-history":[{"count":1,"href":"https:\/\/www.fener.org\/index.php\/wp-json\/wp\/v2\/posts\/27348\/revisions"}],"predecessor-version":[{"id":27349,"href":"https:\/\/www.fener.org\/index.php\/wp-json\/wp\/v2\/posts\/27348\/revisions\/27349"}],"wp:featuredmedia":[{"embeddable":true,"href":"https:\/\/www.fener.org\/index.php\/wp-json\/wp\/v2\/media\/27082"}],"wp:attachment":[{"href":"https:\/\/www.fener.org\/index.php\/wp-json\/wp\/v2\/media?parent=27348"}],"wp:term":[{"taxonomy":"category","embeddable":true,"href":"https:\/\/www.fener.org\/index.php\/wp-json\/wp\/v2\/categories?post=27348"},{"taxonomy":"post_tag","embeddable":true,"href":"https:\/\/www.fener.org\/index.php\/wp-json\/wp\/v2\/tags?post=27348"}],"curies":[{"name":"wp","href":"https:\/\/api.w.org\/{rel}","templated":true}]}}