{"id":27340,"date":"2025-03-02T21:47:00","date_gmt":"2025-03-02T18:47:00","guid":{"rendered":"https:\/\/www.fener.org\/?p=27340"},"modified":"2025-03-04T07:48:45","modified_gmt":"2025-03-04T04:48:45","slug":"nilay-yaren-cam-ve-samet-gumus-76-strandja-uluslararasi-turnuvasinda-altin-madalya-kazandi","status":"publish","type":"post","link":"https:\/\/www.fener.org\/index.php\/2025\/03\/02\/nilay-yaren-cam-ve-samet-gumus-76-strandja-uluslararasi-turnuvasinda-altin-madalya-kazandi\/","title":{"rendered":"Nilay Yaren \u00c7am ve Samet G\u00fcm\u00fc\u015f, 76.Strandja Uluslararas\u0131 Turnuvas\u0131\u2019nda alt\u0131n madalya kazand\u0131"},"content":{"rendered":"\n<p>Fenerbah\u00e7eli boks\u00f6rler Nilay Yaren \u00c7am ve Samet G\u00fcm\u00fc\u015f, 76.Strandja Uluslararas\u0131 Turnuvas\u0131\u2019nda alt\u0131n madalya kazand\u0131.<\/p>\n\n\n\n<p>Bulgaristan\u2019\u0131n ba\u015fkenti Sofya&#8217;n\u0131n ev sahipli\u011finde d\u00fczenlenen 76. Uluslararas\u0131 Strandja Turnuvas\u0131 bug\u00fcn yap\u0131lan final ma\u00e7lar\u0131yla tamamland\u0131.<\/p>\n\n\n\n<p>57 kiloda ringe \u00e7\u0131kan Nilay Yaren \u00c7am, final m\u00fcsabakas\u0131nda Kazakistanl\u0131 rakibi Anel Sakysh\u2019e \u00fcst\u00fcnl\u00fck kurarak k\u00fcrs\u00fcn\u00fcn ilk basama\u011f\u0131na \u00e7\u0131kt\u0131.<\/p>\n\n\n\n<p>Avrupa \u015eampiyonu boks\u00f6r\u00fcm\u00fcz Samet G\u00fcm\u00fc\u015f de 51 kiloda Kazak rakibi Daniyal Sabit\u2019i ma\u011flup ederek alt\u0131n madalya kazand\u0131.<\/p>\n\n\n\n<p>Ayr\u0131ca turnuvada sporcular\u0131m\u0131zdan 48 kg Rabia Topuz, 50 kg Filiz I\u015f\u0131k, 57 kg P\u0131nar Benek, 60 kg Evin Ergino\u011fuz, 60 kg Berfin Polat ve +81 kg \u015eeyma D\u00fczta\u015f bronz madalya kazanm\u0131\u015ft\u0131.<\/p>\n","protected":false},"excerpt":{"rendered":"<p>Fenerbah\u00e7eli boks\u00f6rler Nilay Yaren \u00c7am ve Samet G\u00fcm\u00fc\u015f, 76.Strandja Uluslararas\u0131 Turnuvas\u0131\u2019nda alt\u0131n madalya kazand\u0131. Bulgaristan\u2019\u0131n ba\u015fkenti Sofya&#8217;n\u0131n ev sahipli\u011finde d\u00fczenlenen 76. Uluslararas\u0131 Strandja Turnuvas\u0131 bug\u00fcn yap\u0131lan final ma\u00e7lar\u0131yla tamamland\u0131. 57 kiloda ringe \u00e7\u0131kan Nilay Yaren \u00c7am, final m\u00fcsabakas\u0131nda Kazakistanl\u0131 rakibi Anel Sakysh\u2019e \u00fcst\u00fcnl\u00fck kurarak k\u00fcrs\u00fcn\u00fcn ilk basama\u011f\u0131na \u00e7\u0131kt\u0131. Avrupa \u015eampiyonu boks\u00f6r\u00fcm\u00fcz Samet G\u00fcm\u00fc\u015f de 51 [&hellip;]<\/p>\n","protected":false},"author":1,"featured_media":27341,"comment_status":"closed","ping_status":"closed","sticky":false,"template":"","format":"standard","meta":{"jnews-multi-image_gallery":[],"jnews_single_post":{"format":"standard","override":[{"template":"1","parallax":"1","fullscreen":"1","layout":"right-sidebar","sidebar":"mysidebar","second_sidebar":"default-sidebar","sticky_sidebar":"1","share_position":"float","share_float_style":"share-normal","show_share_counter":"1","show_view_counter":"1","show_featured":"1","show_post_meta":"1","show_post_author_image":"1","show_post_date":"1","post_date_format":"default","post_date_format_custom":"Y\/m\/d","show_post_reading_time":"0","post_reading_time_wpm":"300","post_calculate_word_method":"str_word_count","show_zoom_button":"0","zoom_button_out_step":"2","zoom_button_in_step":"3","show_prev_next_post":"1","number_popup_post":"3","show_author_box":"0","show_post_related":"0","show_inline_post_related":"0"}],"image_override":[{"single_post_thumbnail_size":"crop-500","single_post_gallery_size":"crop-500"}],"trending_post_position":"meta","trending_post_label":"Trending","sponsored_post_label":"Sponsored by","disable_ad":"0"},"jnews_primary_category":{"id":"15"},"jnews_social_meta":[],"jnews_override_counter":{"view_counter_number":"0","share_counter_number":"0","like_counter_number":"0","dislike_counter_number":"0"},"footnotes":""},"categories":[15,2],"tags":[34,23],"class_list":["post-27340","post","type-post","status-publish","format-standard","has-post-thumbnail","hentry","category-boks","category-haberler","tag-boks","tag-fenerbahce"],"amp_enabled":true,"_links":{"self":[{"href":"https:\/\/www.fener.org\/index.php\/wp-json\/wp\/v2\/posts\/27340","targetHints":{"allow":["GET"]}}],"collection":[{"href":"https:\/\/www.fener.org\/index.php\/wp-json\/wp\/v2\/posts"}],"about":[{"href":"https:\/\/www.fener.org\/index.php\/wp-json\/wp\/v2\/types\/post"}],"author":[{"embeddable":true,"href":"https:\/\/www.fener.org\/index.php\/wp-json\/wp\/v2\/users\/1"}],"replies":[{"embeddable":true,"href":"https:\/\/www.fener.org\/index.php\/wp-json\/wp\/v2\/comments?post=27340"}],"version-history":[{"count":1,"href":"https:\/\/www.fener.org\/index.php\/wp-json\/wp\/v2\/posts\/27340\/revisions"}],"predecessor-version":[{"id":27342,"href":"https:\/\/www.fener.org\/index.php\/wp-json\/wp\/v2\/posts\/27340\/revisions\/27342"}],"wp:featuredmedia":[{"embeddable":true,"href":"https:\/\/www.fener.org\/index.php\/wp-json\/wp\/v2\/media\/27341"}],"wp:attachment":[{"href":"https:\/\/www.fener.org\/index.php\/wp-json\/wp\/v2\/media?parent=27340"}],"wp:term":[{"taxonomy":"category","embeddable":true,"href":"https:\/\/www.fener.org\/index.php\/wp-json\/wp\/v2\/categories?post=27340"},{"taxonomy":"post_tag","embeddable":true,"href":"https:\/\/www.fener.org\/index.php\/wp-json\/wp\/v2\/tags?post=27340"}],"curies":[{"name":"wp","href":"https:\/\/api.w.org\/{rel}","templated":true}]}}