{"id":27331,"date":"2025-03-02T22:47:22","date_gmt":"2025-03-02T19:47:22","guid":{"rendered":"https:\/\/www.fener.org\/?p=27331"},"modified":"2025-03-02T22:47:29","modified_gmt":"2025-03-02T19:47:29","slug":"fenerbahce-3-0-onvo-antalyaspor","status":"publish","type":"post","link":"https:\/\/www.fener.org\/index.php\/2025\/03\/02\/fenerbahce-3-0-onvo-antalyaspor\/","title":{"rendered":"Fenerbah\u00e7e 3-0 Onvo Antalyaspor"},"content":{"rendered":"\n<p>Fenerbah\u00e7emiz, Trendyol S\u00fcper Lig \u015eamil Ekinci Sezonu\u2019nun 26. haftas\u0131nda konuk etti\u011fi Onvo Antalyaspor\u2019u 3-0 yendi ve puan\u0131n\u0131 61\u2019e y\u00fckseltti.<\/p>\n\n\n\n<p>\u00dclker Stadyumu Fenerbah\u00e7e \u015e\u00fckr\u00fc Saraco\u011flu Spor Kompleksi&#8217;nde oynanan ma\u00e7ta gollerimizi 9. dakikada Mert M\u00fcld\u00fcr, 26. dakikada Dusan Tadic ve 30. dakikada&nbsp;Youssef En-Nesyri kaydetti.<\/p>\n\n\n\n<p>Futbol Tak\u0131m\u0131m\u0131z, 6 Mart Per\u015fembe ak\u015fam\u0131 UEFA Avrupa Ligi son 16 turu ilk ma\u00e7\u0131nda \u0130sko\u00e7ya temsilcisi Rangers\u2019\u0131 a\u011f\u0131rlayacak.<\/p>\n\n\n\n<p>Galatasaray ma\u00e7\u0131 sonras\u0131 ald\u0131\u011f\u0131 ceza nedeniyle yedek kul\u00fcbesinde yer alamayan Teknik Direkt\u00f6r\u00fcm\u00fcz Jose Mourinho i\u00e7in trib\u00fcnlerde &#8220;We stand with you (Yan\u0131nday\u0131z)&#8221; yaz\u0131l\u0131 b\u00fcy\u00fck bir pankart a\u00e7\u0131ld\u0131 ve Portekizli teknik adama destek verildi.<\/p>\n\n\n<p><strong>Ma\u00e7tan dakikalar:<\/strong><\/p>\n<p>9. dakikada Szymanski&#8217;nin soldan kulland\u0131\u011f\u0131 kornerde Mert M\u00fcld\u00fcr&#8217;\u00fcn alt\u0131pas\u0131n i\u00e7inden yapt\u0131\u011f\u0131 kafa vuru\u015funda, me\u015fin yuvarlak direk dibinden filelerle bulu\u015ftu: 1-0<\/p>\n<p>26. dakikada Samudio&#8217;dan topu kapt\u0131ktan sonra sol \u00e7aprazdan ceza sahas\u0131na giren Dzeko, son \u00e7izgiden arka dire\u011fe ortalad\u0131. \u00c7a\u011flar S\u00f6y\u00fcnc\u00fc&#8217;n\u00fcn i\u00e7eri \u00e7evirdi\u011fi me\u015fin yuvarlak, penalt\u0131 noktas\u0131 yak\u0131n\u0131nda Tadic&#8217;in \u00f6n\u00fcnde kald\u0131. Bu oyuncunun yapt\u0131\u011f\u0131 vuru\u015fta, savunmaya da \u00e7arpan top a\u011flara gitti: 2-0<\/p>\n<p>30. dakikada Dzeko&#8217;nun soldan ortas\u0131nda Veysel Sar\u0131&#8217;n\u0131n uzakla\u015ft\u0131rmak istedi\u011fi me\u015fin yuvarlak, ceza sahas\u0131 i\u00e7i sol \u00e7aprazda Kostic&#8217;in \u00f6n\u00fcne d\u00fc\u015ft\u00fc. Bu oyuncunun bekletmeden \u00e7\u0131kard\u0131\u011f\u0131 \u015futta top kaleci Piric&#8217;ten d\u00f6nd\u00fc. En-Nesyri, me\u015fin yuvarla\u011f\u0131 alt\u0131pas\u0131n i\u00e7inde tamamlayarak filelere g\u00f6nderdi: 3-0<\/p>\n<p>56. dakikada Szymanski&#8217;nin sa\u011fdan kulland\u0131\u011f\u0131 kornerde Mert M\u00fcld\u00fcr&#8217;\u00fcn \u00f6n direkte yapt\u0131\u011f\u0131 kafa vuru\u015funda, kaleci Piric gole izin vermedi.<\/p>\n<p>69. dakikada kendi yar\u0131 sahas\u0131nda ald\u0131\u011f\u0131 topu uzun bir s\u00fcre ta\u015f\u0131yarak rakip ceza sahas\u0131na giren Talisca&#8217;n\u0131n yerden \u015futunda, me\u015fin yuvarlak kaleci Piric&#8217;ten d\u00f6nd\u00fc.<\/p>\n<p>Kalan dakikalarda ba\u015fka gol olmad\u0131 ve Fenerbah\u00e7emiz m\u00fccadelen 3-0 galip ayr\u0131ld\u0131.<\/p>","protected":false},"excerpt":{"rendered":"<p>Fenerbah\u00e7emiz, Trendyol S\u00fcper Lig \u015eamil Ekinci Sezonu\u2019nun 26. haftas\u0131nda konuk etti\u011fi Onvo Antalyaspor\u2019u 3-0 yendi ve puan\u0131n\u0131 61\u2019e y\u00fckseltti. \u00dclker Stadyumu Fenerbah\u00e7e \u015e\u00fckr\u00fc Saraco\u011flu Spor Kompleksi&#8217;nde oynanan ma\u00e7ta gollerimizi 9. dakikada Mert M\u00fcld\u00fcr, 26. dakikada Dusan Tadic ve 30. dakikada&nbsp;Youssef En-Nesyri kaydetti. Futbol Tak\u0131m\u0131m\u0131z, 6 Mart Per\u015fembe ak\u015fam\u0131 UEFA Avrupa Ligi son 16 turu ilk [&hellip;]<\/p>\n","protected":false},"author":1,"featured_media":27332,"comment_status":"closed","ping_status":"closed","sticky":false,"template":"","format":"standard","meta":{"jnews-multi-image_gallery":[],"jnews_single_post":{"format":"standard","override":[{"template":"1","parallax":"1","fullscreen":"1","layout":"right-sidebar","sidebar":"mysidebar","second_sidebar":"default-sidebar","sticky_sidebar":"1","share_position":"float","share_float_style":"share-normal","show_share_counter":"1","show_view_counter":"1","show_featured":"1","show_post_meta":"1","show_post_author_image":"1","show_post_date":"1","post_date_format":"default","post_date_format_custom":"Y\/m\/d","show_post_reading_time":"0","post_reading_time_wpm":"300","post_calculate_word_method":"str_word_count","show_zoom_button":"0","zoom_button_out_step":"2","zoom_button_in_step":"3","show_prev_next_post":"1","number_popup_post":"3","show_author_box":"0","show_post_related":"0","show_inline_post_related":"0"}],"image_override":[{"single_post_thumbnail_size":"crop-500","single_post_gallery_size":"crop-500"}],"trending_post_position":"meta","trending_post_label":"Trending","sponsored_post_label":"Sponsored by","disable_ad":"0","subtitle":"Fenerbah\u00e7e, S\u00fcper Lig'in 26. haftas\u0131nda sahas\u0131nda Antalyaspor ile oynad\u0131\u011f\u0131 m\u00fccadeleden 3-0 galip ayr\u0131ld\u0131."},"jnews_primary_category":{"id":"4"},"jnews_social_meta":[],"jnews_override_counter":{"view_counter_number":"0","share_counter_number":"0","like_counter_number":"0","dislike_counter_number":"0"},"footnotes":""},"categories":[4,2,47],"tags":[23,54],"class_list":["post-27331","post","type-post","status-publish","format-standard","has-post-thumbnail","hentry","category-futbol","category-haberler","category-profesyonel-a-futbol-takimi","tag-fenerbahce","tag-futbol"],"amp_enabled":true,"_links":{"self":[{"href":"https:\/\/www.fener.org\/index.php\/wp-json\/wp\/v2\/posts\/27331","targetHints":{"allow":["GET"]}}],"collection":[{"href":"https:\/\/www.fener.org\/index.php\/wp-json\/wp\/v2\/posts"}],"about":[{"href":"https:\/\/www.fener.org\/index.php\/wp-json\/wp\/v2\/types\/post"}],"author":[{"embeddable":true,"href":"https:\/\/www.fener.org\/index.php\/wp-json\/wp\/v2\/users\/1"}],"replies":[{"embeddable":true,"href":"https:\/\/www.fener.org\/index.php\/wp-json\/wp\/v2\/comments?post=27331"}],"version-history":[{"count":1,"href":"https:\/\/www.fener.org\/index.php\/wp-json\/wp\/v2\/posts\/27331\/revisions"}],"predecessor-version":[{"id":27333,"href":"https:\/\/www.fener.org\/index.php\/wp-json\/wp\/v2\/posts\/27331\/revisions\/27333"}],"wp:featuredmedia":[{"embeddable":true,"href":"https:\/\/www.fener.org\/index.php\/wp-json\/wp\/v2\/media\/27332"}],"wp:attachment":[{"href":"https:\/\/www.fener.org\/index.php\/wp-json\/wp\/v2\/media?parent=27331"}],"wp:term":[{"taxonomy":"category","embeddable":true,"href":"https:\/\/www.fener.org\/index.php\/wp-json\/wp\/v2\/categories?post=27331"},{"taxonomy":"post_tag","embeddable":true,"href":"https:\/\/www.fener.org\/index.php\/wp-json\/wp\/v2\/tags?post=27331"}],"curies":[{"name":"wp","href":"https:\/\/api.w.org\/{rel}","templated":true}]}}