{"id":27320,"date":"2025-03-01T17:58:40","date_gmt":"2025-03-01T14:58:40","guid":{"rendered":"https:\/\/www.fener.org\/?p=27320"},"modified":"2025-03-01T17:58:44","modified_gmt":"2025-03-01T14:58:44","slug":"u19-geosis-boluspor-2-0-fenerbahce","status":"publish","type":"post","link":"https:\/\/www.fener.org\/index.php\/2025\/03\/01\/u19-geosis-boluspor-2-0-fenerbahce\/","title":{"rendered":"U19: Geosis Boluspor 2-0 Fenerbah\u00e7e"},"content":{"rendered":"\n<p>19 Ya\u015f Alt\u0131 Futbol Tak\u0131m\u0131m\u0131z, ligin 28. haftas\u0131nda Geosis Boluspor\u2019a konuk oldu. Kara\u00e7ay\u0131r Tesisleri\u2019nde oynanan m\u00fccadelen ekibimiz, 2-0 ma\u011flup ayr\u0131ld\u0131.<\/p>\n\n\n\n<p>U19 Tak\u0131m\u0131m\u0131z, ligin 29. haftas\u0131nda Bellona Kayserispor\u2019u konuk edecek.<\/p>\n","protected":false},"excerpt":{"rendered":"<p>19 Ya\u015f Alt\u0131 Futbol Tak\u0131m\u0131m\u0131z, ligin 28. haftas\u0131nda Geosis Boluspor\u2019a konuk oldu. Kara\u00e7ay\u0131r Tesisleri\u2019nde oynanan m\u00fccadelen ekibimiz, 2-0 ma\u011flup ayr\u0131ld\u0131. U19 Tak\u0131m\u0131m\u0131z, ligin 29. haftas\u0131nda Bellona Kayserispor\u2019u konuk edecek.<\/p>\n","protected":false},"author":1,"featured_media":1278,"comment_status":"closed","ping_status":"closed","sticky":false,"template":"","format":"standard","meta":{"jnews-multi-image_gallery":[],"jnews_single_post":{"format":"standard"},"jnews_primary_category":[],"jnews_social_meta":[],"jnews_override_counter":[],"footnotes":""},"categories":[4,17,2],"tags":[23,54],"class_list":["post-27320","post","type-post","status-publish","format-standard","has-post-thumbnail","hentry","category-futbol","category-futbol-altyapi","category-haberler","tag-fenerbahce","tag-futbol"],"amp_enabled":true,"_links":{"self":[{"href":"https:\/\/www.fener.org\/index.php\/wp-json\/wp\/v2\/posts\/27320","targetHints":{"allow":["GET"]}}],"collection":[{"href":"https:\/\/www.fener.org\/index.php\/wp-json\/wp\/v2\/posts"}],"about":[{"href":"https:\/\/www.fener.org\/index.php\/wp-json\/wp\/v2\/types\/post"}],"author":[{"embeddable":true,"href":"https:\/\/www.fener.org\/index.php\/wp-json\/wp\/v2\/users\/1"}],"replies":[{"embeddable":true,"href":"https:\/\/www.fener.org\/index.php\/wp-json\/wp\/v2\/comments?post=27320"}],"version-history":[{"count":1,"href":"https:\/\/www.fener.org\/index.php\/wp-json\/wp\/v2\/posts\/27320\/revisions"}],"predecessor-version":[{"id":27321,"href":"https:\/\/www.fener.org\/index.php\/wp-json\/wp\/v2\/posts\/27320\/revisions\/27321"}],"wp:featuredmedia":[{"embeddable":true,"href":"https:\/\/www.fener.org\/index.php\/wp-json\/wp\/v2\/media\/1278"}],"wp:attachment":[{"href":"https:\/\/www.fener.org\/index.php\/wp-json\/wp\/v2\/media?parent=27320"}],"wp:term":[{"taxonomy":"category","embeddable":true,"href":"https:\/\/www.fener.org\/index.php\/wp-json\/wp\/v2\/categories?post=27320"},{"taxonomy":"post_tag","embeddable":true,"href":"https:\/\/www.fener.org\/index.php\/wp-json\/wp\/v2\/tags?post=27320"}],"curies":[{"name":"wp","href":"https:\/\/api.w.org\/{rel}","templated":true}]}}