{"id":27242,"date":"2025-02-23T22:43:40","date_gmt":"2025-02-23T19:43:40","guid":{"rendered":"https:\/\/www.fener.org\/?p=27242"},"modified":"2025-02-23T22:43:43","modified_gmt":"2025-02-23T19:43:43","slug":"milli-atletlerimizden-basarili-sonuclar","status":"publish","type":"post","link":"https:\/\/www.fener.org\/index.php\/2025\/02\/23\/milli-atletlerimizden-basarili-sonuclar\/","title":{"rendered":"Mill\u00ee atletlerimizden ba\u015far\u0131l\u0131 sonu\u00e7lar"},"content":{"rendered":"\n<p>Mill\u00ee atletlerimiz G\u00fcney Kore\u2019nin Daegu kenti ile Trabzon\u2019da d\u00fczenlenen maratonlarda ba\u015far\u0131l\u0131 derecelere imza att\u0131lar.<br>\u00a0<br><strong>Sezgin Ata\u00e7 G\u00fcney Kore\u2019de yar\u0131\u015ft\u0131<\/strong><br>\u00a0<br>Mill\u00ee atletimiz Sezgin Ata\u00e7, G\u00fcney Kore\u2019nin Daegu kentinde d\u00fczenlenen Daegu Maratonunu T\u00fcrkiye\u2019de ko\u015fulan en iyi derecelerden biri olan 2:07:28 ile tamamlad\u0131 ve 8. oldu.<br>\u00a0<br>Tanzanyal\u0131 Gabriel Geay\u2019\u0131n 2:05:20 ile ilk s\u0131rada tamamlad\u0131\u011f\u0131 yar\u0131\u015f\u0131; Etiyopyal\u0131 atletler Addisu Gobena 2:05:22 ile ikinci, Dejene Megersa da 2:05:59 ile \u00fc\u00e7\u00fcnc\u00fc s\u0131rada bitirdi.<br>\u00a0<br><strong>Atletlerimiz Trabzon\u2019da k\u00fcrs\u00fcde yer ald\u0131<\/strong><br>\u00a0<br>\u00d6te yandan bu y\u0131l 21 farkl\u0131 \u00fclkeden 114 sporcunun da aralar\u0131nda bulundu\u011fu 2 bin 646 ki\u015finin yar\u0131\u015ft\u0131\u011f\u0131, 45.\u2019si d\u00fczenlenen Uluslararas\u0131 Trabzon Yar\u0131 Maratonunda atletimiz Bahar Y\u0131ld\u0131r\u0131m 1:13:18\u2019lik derecesiyle ilk s\u0131rada yer al\u0131rken; S\u00fcmeyye Erol da 1:14:06\u2019\u0131k derecesiyle \u00fc\u00e7\u00fcnc\u00fc oldu. Erkeklerde ise atletimiz Ayetullah Aslanhan, elde etti\u011fi 1:04:55\u2019lik derecesiyle yar\u0131\u015f\u0131 \u00fc\u00e7\u00fcnc\u00fc s\u0131rada bitirdi.<\/p>\n","protected":false},"excerpt":{"rendered":"<p>Mill\u00ee atletlerimiz G\u00fcney Kore\u2019nin Daegu kenti ile Trabzon\u2019da d\u00fczenlenen maratonlarda ba\u015far\u0131l\u0131 derecelere imza att\u0131lar.\u00a0Sezgin Ata\u00e7 G\u00fcney Kore\u2019de yar\u0131\u015ft\u0131\u00a0Mill\u00ee atletimiz Sezgin Ata\u00e7, G\u00fcney Kore\u2019nin Daegu kentinde d\u00fczenlenen Daegu Maratonunu T\u00fcrkiye\u2019de ko\u015fulan en iyi derecelerden biri olan 2:07:28 ile tamamlad\u0131 ve 8. oldu.\u00a0Tanzanyal\u0131 Gabriel Geay\u2019\u0131n 2:05:20 ile ilk s\u0131rada tamamlad\u0131\u011f\u0131 yar\u0131\u015f\u0131; Etiyopyal\u0131 atletler Addisu Gobena 2:05:22 ile [&hellip;]<\/p>\n","protected":false},"author":1,"featured_media":1279,"comment_status":"closed","ping_status":"closed","sticky":false,"template":"","format":"standard","meta":{"jnews-multi-image_gallery":[],"jnews_single_post":{"format":"standard","override":[{"template":"1","parallax":"1","fullscreen":"1","layout":"right-sidebar","sidebar":"mysidebar","second_sidebar":"default-sidebar","sticky_sidebar":"1","share_position":"float","share_float_style":"share-normal","show_share_counter":"1","show_view_counter":"1","show_featured":"1","show_post_meta":"1","show_post_author_image":"1","show_post_date":"1","post_date_format":"default","post_date_format_custom":"Y\/m\/d","show_post_reading_time":"0","post_reading_time_wpm":"300","post_calculate_word_method":"str_word_count","show_zoom_button":"0","zoom_button_out_step":"2","zoom_button_in_step":"3","show_prev_next_post":"1","number_popup_post":"3","show_author_box":"0","show_post_related":"0","show_inline_post_related":"0"}],"image_override":[{"single_post_thumbnail_size":"crop-500","single_post_gallery_size":"crop-500"}],"trending_post_position":"meta","trending_post_label":"Trending","sponsored_post_label":"Sponsored by","disable_ad":"0"},"jnews_primary_category":{"id":"13"},"jnews_social_meta":[],"jnews_override_counter":{"view_counter_number":"0","share_counter_number":"0","like_counter_number":"0","dislike_counter_number":"0"},"footnotes":""},"categories":[13,2],"tags":[32,23],"class_list":["post-27242","post","type-post","status-publish","format-standard","has-post-thumbnail","hentry","category-atletizm","category-haberler","tag-atletizm","tag-fenerbahce"],"amp_enabled":true,"_links":{"self":[{"href":"https:\/\/www.fener.org\/index.php\/wp-json\/wp\/v2\/posts\/27242","targetHints":{"allow":["GET"]}}],"collection":[{"href":"https:\/\/www.fener.org\/index.php\/wp-json\/wp\/v2\/posts"}],"about":[{"href":"https:\/\/www.fener.org\/index.php\/wp-json\/wp\/v2\/types\/post"}],"author":[{"embeddable":true,"href":"https:\/\/www.fener.org\/index.php\/wp-json\/wp\/v2\/users\/1"}],"replies":[{"embeddable":true,"href":"https:\/\/www.fener.org\/index.php\/wp-json\/wp\/v2\/comments?post=27242"}],"version-history":[{"count":1,"href":"https:\/\/www.fener.org\/index.php\/wp-json\/wp\/v2\/posts\/27242\/revisions"}],"predecessor-version":[{"id":27243,"href":"https:\/\/www.fener.org\/index.php\/wp-json\/wp\/v2\/posts\/27242\/revisions\/27243"}],"wp:featuredmedia":[{"embeddable":true,"href":"https:\/\/www.fener.org\/index.php\/wp-json\/wp\/v2\/media\/1279"}],"wp:attachment":[{"href":"https:\/\/www.fener.org\/index.php\/wp-json\/wp\/v2\/media?parent=27242"}],"wp:term":[{"taxonomy":"category","embeddable":true,"href":"https:\/\/www.fener.org\/index.php\/wp-json\/wp\/v2\/categories?post=27242"},{"taxonomy":"post_tag","embeddable":true,"href":"https:\/\/www.fener.org\/index.php\/wp-json\/wp\/v2\/tags?post=27242"}],"curies":[{"name":"wp","href":"https:\/\/api.w.org\/{rel}","templated":true}]}}