{"id":26696,"date":"2025-01-12T11:57:00","date_gmt":"2025-01-12T08:57:00","guid":{"rendered":"https:\/\/www.fener.org\/?p=26696"},"modified":"2025-01-12T11:57:05","modified_gmt":"2025-01-12T08:57:05","slug":"kurekcilerimizden-turkiye-salon-sampiyonasinda-6-sampiyonluk","status":"publish","type":"post","link":"https:\/\/www.fener.org\/index.php\/2025\/01\/12\/kurekcilerimizden-turkiye-salon-sampiyonasinda-6-sampiyonluk\/","title":{"rendered":"K\u00fcrek\u00e7ilerimizden T\u00fcrkiye Salon \u015eampiyonas\u0131&#8217;nda 6 \u015fampiyonluk"},"content":{"rendered":"\n<p>Fenerbah\u00e7e K\u00fcrek \u015eubemiz, T\u00fcrkiye Salon \u015eampiyonas\u0131&#8217;nda B\u00fcy\u00fck Erkekler ve B\u00fcy\u00fck Kad\u0131nlar da dahil olmak \u00fczere toplam 6 kategoride \u015fampiyon oldu.<\/p>\n\n\n\n<p>T\u00fcrkiye Salon K\u00fcrek \u015eampiyonas\u0131&#8217;na \u0130stanbul&#8217;daki Tuzla Deniz Harp Okulu ev sahipli\u011fi yapt\u0131.<\/p>\n\n\n\n<p>Fenerbah\u00e7emiz organizasyonda B\u00fcy\u00fck Erkekler ve B\u00fcy\u00fck Kad\u0131nlarda \u015fampiyonlu\u011fa ula\u015ft\u0131. B\u00fcy\u00fck Erkeklerde Onat Kazakl\u0131, Ayd\u0131n \u0130nan\u00e7 \u015eahin, G\u00f6kmen Kaan Sezer ilk \u00fc\u00e7, B\u00fcy\u00fck Kad\u0131nlarda ise Elis \u00d6zbay ve Ebru Ak\u0131nal ilk iki s\u0131ray\u0131 alarak \u015fampiyonaya damga vurdu.<\/p>\n\n\n\n<p>U23 Erkekler kategorisinde zirvede yer alan Sar\u0131 Lacivertliler, U19 Kad\u0131nlarda \u015fampiyon, 19 Erkeklerde ikinci oldu.<\/p>\n\n\n\n<p>U17 Erkeklerde birincilik elde eden Fenerbah\u00e7emiz, U17 Kad\u0131nlarda ise ikinci s\u0131ray\u0131 ald\u0131.<\/p>\n\n\n\n<p>K\u00fcrek \u015eubemiz, U15 Kad\u0131nlarda da \u015fampiyonlu\u011fa ula\u015ft\u0131.<\/p>\n","protected":false},"excerpt":{"rendered":"<p>Fenerbah\u00e7e K\u00fcrek \u015eubemiz, T\u00fcrkiye Salon \u015eampiyonas\u0131&#8217;nda B\u00fcy\u00fck Erkekler ve B\u00fcy\u00fck Kad\u0131nlar da dahil olmak \u00fczere toplam 6 kategoride \u015fampiyon oldu. T\u00fcrkiye Salon K\u00fcrek \u015eampiyonas\u0131&#8217;na \u0130stanbul&#8217;daki Tuzla Deniz Harp Okulu ev sahipli\u011fi yapt\u0131. Fenerbah\u00e7emiz organizasyonda B\u00fcy\u00fck Erkekler ve B\u00fcy\u00fck Kad\u0131nlarda \u015fampiyonlu\u011fa ula\u015ft\u0131. B\u00fcy\u00fck Erkeklerde Onat Kazakl\u0131, Ayd\u0131n \u0130nan\u00e7 \u015eahin, G\u00f6kmen Kaan Sezer ilk \u00fc\u00e7, B\u00fcy\u00fck Kad\u0131nlarda [&hellip;]<\/p>\n","protected":false},"author":1,"featured_media":26697,"comment_status":"closed","ping_status":"closed","sticky":false,"template":"","format":"standard","meta":{"jnews-multi-image_gallery":[],"jnews_single_post":{"format":"standard","override":[{"template":"1","parallax":"1","fullscreen":"1","layout":"right-sidebar","sidebar":"mysidebar","second_sidebar":"default-sidebar","sticky_sidebar":"1","share_position":"float","share_float_style":"share-normal","show_share_counter":"1","show_view_counter":"1","show_featured":"1","show_post_meta":"1","show_post_author_image":"1","show_post_date":"1","post_date_format":"default","post_date_format_custom":"Y\/m\/d","show_post_reading_time":"0","post_reading_time_wpm":"300","post_calculate_word_method":"str_word_count","show_zoom_button":"0","zoom_button_out_step":"2","zoom_button_in_step":"3","show_prev_next_post":"1","number_popup_post":"3","show_author_box":"0","show_post_related":"0","show_inline_post_related":"0"}],"image_override":[{"single_post_thumbnail_size":"crop-500","single_post_gallery_size":"crop-500"}],"trending_post_position":"meta","trending_post_label":"Trending","sponsored_post_label":"Sponsored by","disable_ad":"0"},"jnews_primary_category":{"id":"11"},"jnews_social_meta":[],"jnews_override_counter":{"view_counter_number":"0","share_counter_number":"0","like_counter_number":"0","dislike_counter_number":"0"},"footnotes":""},"categories":[2,11],"tags":[23,30],"class_list":["post-26696","post","type-post","status-publish","format-standard","has-post-thumbnail","hentry","category-haberler","category-kurek","tag-fenerbahce","tag-kurek"],"amp_enabled":true,"_links":{"self":[{"href":"https:\/\/www.fener.org\/index.php\/wp-json\/wp\/v2\/posts\/26696","targetHints":{"allow":["GET"]}}],"collection":[{"href":"https:\/\/www.fener.org\/index.php\/wp-json\/wp\/v2\/posts"}],"about":[{"href":"https:\/\/www.fener.org\/index.php\/wp-json\/wp\/v2\/types\/post"}],"author":[{"embeddable":true,"href":"https:\/\/www.fener.org\/index.php\/wp-json\/wp\/v2\/users\/1"}],"replies":[{"embeddable":true,"href":"https:\/\/www.fener.org\/index.php\/wp-json\/wp\/v2\/comments?post=26696"}],"version-history":[{"count":1,"href":"https:\/\/www.fener.org\/index.php\/wp-json\/wp\/v2\/posts\/26696\/revisions"}],"predecessor-version":[{"id":26698,"href":"https:\/\/www.fener.org\/index.php\/wp-json\/wp\/v2\/posts\/26696\/revisions\/26698"}],"wp:featuredmedia":[{"embeddable":true,"href":"https:\/\/www.fener.org\/index.php\/wp-json\/wp\/v2\/media\/26697"}],"wp:attachment":[{"href":"https:\/\/www.fener.org\/index.php\/wp-json\/wp\/v2\/media?parent=26696"}],"wp:term":[{"taxonomy":"category","embeddable":true,"href":"https:\/\/www.fener.org\/index.php\/wp-json\/wp\/v2\/categories?post=26696"},{"taxonomy":"post_tag","embeddable":true,"href":"https:\/\/www.fener.org\/index.php\/wp-json\/wp\/v2\/tags?post=26696"}],"curies":[{"name":"wp","href":"https:\/\/api.w.org\/{rel}","templated":true}]}}