{"id":26547,"date":"2024-12-22T21:10:18","date_gmt":"2024-12-22T18:10:18","guid":{"rendered":"https:\/\/www.fener.org\/?p=26547"},"modified":"2024-12-22T21:10:22","modified_gmt":"2024-12-22T18:10:22","slug":"u14-u15-ve-u16-takimlarimizin-mac-sonuclari-3","status":"publish","type":"post","link":"https:\/\/www.fener.org\/index.php\/2024\/12\/22\/u14-u15-ve-u16-takimlarimizin-mac-sonuclari-3\/","title":{"rendered":"U14, U15 ve U16 Tak\u0131mlar\u0131m\u0131z\u0131n ma\u00e7 sonu\u00e7lar\u0131"},"content":{"rendered":"\n<p>Fenerbah\u00e7e 14, 15 ve 16 Ya\u015f Alt\u0131 Futbol Tak\u0131mlar\u0131m\u0131z\u0131n, liglerinde oynad\u0131klar\u0131 ma\u00e7lar\u0131n sonu\u00e7lar\u0131 ve detaylar \u015fu \u015fekilde:<br><br><strong>Fenerbah\u00e7e 3-0 Kas\u0131mpa\u015fa (U14)<\/strong><br><br>14 Ya\u015f Alt\u0131 Futbol Tak\u0131m\u0131m\u0131z, ligin 11. hafta ma\u00e7\u0131nda Kas\u0131mpa\u015fa\u2019y\u0131 konuk etti. Fenerbah\u00e7e Derea\u011fz\u0131 Lefter K\u00fc\u00e7\u00fckandonyadis Tesisleri\u2019nde oynanan ma\u00e7tan tak\u0131m\u0131m\u0131z 3-0\u2019l\u0131k galibiyetle ayr\u0131ld\u0131. Tak\u0131m\u0131m\u0131za galibiyeti getiren golleri; 30. dakikada Kerem G\u00fc\u00e7, 52. dakikada Toprak K\u00f6k ve 58. dakikada Ayaz \u00d6zbu\u011futu kaydetti.<br><br>U14 Tak\u0131m\u0131m\u0131z, ligin 12. haftas\u0131nda 29 Aral\u0131k Pazar g\u00fcn\u00fc Be\u015fikta\u015f\u2019\u0131 a\u011f\u0131rlayacak. Fenerbah\u00e7e Derea\u011fz\u0131 Lefter K\u00fc\u00e7\u00fckandonyadis Tesisleri\u2019nde oynanacak m\u00fccadele saat 11.00\u2019de ba\u015flayacak.<br><br><strong>Silta\u015f Yap\u0131 Pendikspor 1-1 Fenerbah\u00e7e (U15)<\/strong><br><br>15 Ya\u015f Alt\u0131 Tak\u0131m\u0131m\u0131z, ligin 11. hafta ma\u00e7\u0131nda Silta\u015f Yap\u0131 Pendikspor\u2019a konuk oldu. Pendik Belediyesi \u00c7aml\u0131k Stadyumu\u2019nda oynanan m\u00fccadele 1-1 e\u015fitlikle sona erdi. Ekibimizin tek gol\u00fc 34. dakikada Galip Efe Ayd\u0131n\u2019dan geldi.<br><br>U15 Tak\u0131m\u0131m\u0131z, ligin ikinci devresinin ilk ma\u00e7\u0131nda 26 Ocak Pazar g\u00fcn\u00fc saat 13.00\u2019te Sultanbeyli Belediye Spor\u2019a konuk olacak.<br><br><strong>Silta\u015f Yap\u0131 Pendikspor 1-2 Fenerbah\u00e7e (U16)<\/strong><br><br>16 Ya\u015f Alt\u0131 Tak\u0131m\u0131m\u0131z, ligin 11. hafta ma\u00e7\u0131nda Silta\u015f Yap\u0131 Pendikspor\u2019a konuk oldu. Pendik Belediyesi \u00c7aml\u0131k Stadyumu\u2019nda oynanan ma\u00e7tan tak\u0131m\u0131m\u0131z 2-1 galibiyetle ayr\u0131ld\u0131. Ekibimize galibiyeti getiren golleri; 38. dakikada Emin Eren Sayar ve 77. dakikada Arda K\u0131l\u0131\u00e7\u00e7eken kaydetti.<br><br>U16 Tak\u0131m\u0131m\u0131z, ligin ikinci devresinin ilk ma\u00e7\u0131nda 26 Ocak Pazar g\u00fcn\u00fc saat 15.00\u2019te Sultanbeyli Belediye Spor\u2019a konuk olacak.<\/p>\n","protected":false},"excerpt":{"rendered":"<p>Fenerbah\u00e7e 14, 15 ve 16 Ya\u015f Alt\u0131 Futbol Tak\u0131mlar\u0131m\u0131z\u0131n, liglerinde oynad\u0131klar\u0131 ma\u00e7lar\u0131n sonu\u00e7lar\u0131 ve detaylar \u015fu \u015fekilde: Fenerbah\u00e7e 3-0 Kas\u0131mpa\u015fa (U14) 14 Ya\u015f Alt\u0131 Futbol Tak\u0131m\u0131m\u0131z, ligin 11. hafta ma\u00e7\u0131nda Kas\u0131mpa\u015fa\u2019y\u0131 konuk etti. Fenerbah\u00e7e Derea\u011fz\u0131 Lefter K\u00fc\u00e7\u00fckandonyadis Tesisleri\u2019nde oynanan ma\u00e7tan tak\u0131m\u0131m\u0131z 3-0\u2019l\u0131k galibiyetle ayr\u0131ld\u0131. Tak\u0131m\u0131m\u0131za galibiyeti getiren golleri; 30. dakikada Kerem G\u00fc\u00e7, 52. dakikada Toprak [&hellip;]<\/p>\n","protected":false},"author":1,"featured_media":1278,"comment_status":"closed","ping_status":"closed","sticky":false,"template":"","format":"standard","meta":{"jnews-multi-image_gallery":[],"jnews_single_post":{"format":"standard","override":[{"template":"1","parallax":"1","fullscreen":"1","layout":"right-sidebar","sidebar":"mysidebar","second_sidebar":"default-sidebar","sticky_sidebar":"1","share_position":"float","share_float_style":"share-normal","show_share_counter":"1","show_view_counter":"1","show_featured":"1","show_post_meta":"1","show_post_author_image":"1","show_post_date":"1","post_date_format":"default","post_date_format_custom":"Y\/m\/d","show_post_reading_time":"0","post_reading_time_wpm":"300","post_calculate_word_method":"str_word_count","show_zoom_button":"0","zoom_button_out_step":"2","zoom_button_in_step":"3","show_prev_next_post":"1","number_popup_post":"3","show_author_box":"0","show_post_related":"0","show_inline_post_related":"0"}],"image_override":[{"single_post_thumbnail_size":"crop-500","single_post_gallery_size":"crop-500"}],"trending_post_position":"meta","trending_post_label":"Trending","sponsored_post_label":"Sponsored by","disable_ad":"0"},"jnews_primary_category":{"id":"4"},"jnews_social_meta":[],"jnews_override_counter":{"view_counter_number":"0","share_counter_number":"0","like_counter_number":"0","dislike_counter_number":"0"},"footnotes":""},"categories":[4,17,2],"tags":[23,54],"class_list":["post-26547","post","type-post","status-publish","format-standard","has-post-thumbnail","hentry","category-futbol","category-futbol-altyapi","category-haberler","tag-fenerbahce","tag-futbol"],"amp_enabled":true,"_links":{"self":[{"href":"https:\/\/www.fener.org\/index.php\/wp-json\/wp\/v2\/posts\/26547","targetHints":{"allow":["GET"]}}],"collection":[{"href":"https:\/\/www.fener.org\/index.php\/wp-json\/wp\/v2\/posts"}],"about":[{"href":"https:\/\/www.fener.org\/index.php\/wp-json\/wp\/v2\/types\/post"}],"author":[{"embeddable":true,"href":"https:\/\/www.fener.org\/index.php\/wp-json\/wp\/v2\/users\/1"}],"replies":[{"embeddable":true,"href":"https:\/\/www.fener.org\/index.php\/wp-json\/wp\/v2\/comments?post=26547"}],"version-history":[{"count":1,"href":"https:\/\/www.fener.org\/index.php\/wp-json\/wp\/v2\/posts\/26547\/revisions"}],"predecessor-version":[{"id":26548,"href":"https:\/\/www.fener.org\/index.php\/wp-json\/wp\/v2\/posts\/26547\/revisions\/26548"}],"wp:featuredmedia":[{"embeddable":true,"href":"https:\/\/www.fener.org\/index.php\/wp-json\/wp\/v2\/media\/1278"}],"wp:attachment":[{"href":"https:\/\/www.fener.org\/index.php\/wp-json\/wp\/v2\/media?parent=26547"}],"wp:term":[{"taxonomy":"category","embeddable":true,"href":"https:\/\/www.fener.org\/index.php\/wp-json\/wp\/v2\/categories?post=26547"},{"taxonomy":"post_tag","embeddable":true,"href":"https:\/\/www.fener.org\/index.php\/wp-json\/wp\/v2\/tags?post=26547"}],"curies":[{"name":"wp","href":"https:\/\/api.w.org\/{rel}","templated":true}]}}