{"id":26522,"date":"2024-12-20T22:15:11","date_gmt":"2024-12-20T19:15:11","guid":{"rendered":"https:\/\/www.fener.org\/?p=26522"},"modified":"2024-12-20T22:15:14","modified_gmt":"2024-12-20T19:15:14","slug":"yuzuculerimizden-turkiye-rekorlari-2","status":"publish","type":"post","link":"https:\/\/www.fener.org\/index.php\/2024\/12\/20\/yuzuculerimizden-turkiye-rekorlari-2\/","title":{"rendered":"Y\u00fcz\u00fcc\u00fclerimizden T\u00fcrkiye rekorlar\u0131"},"content":{"rendered":"\n<p>Y\u00fczmede T\u00fcrkiye Y\u0131ld\u0131z-Gen\u00e7 ve A\u00e7\u0131k Ya\u015f Uzun Kulvar Milli Tak\u0131m Se\u00e7me M\u00fcsabakalar\u0131 Gaziantep\u2019in ev sahipli\u011finde ba\u015flad\u0131.<\/p>\n\n\n\n<p>22 Aral\u0131k Pazar g\u00fcn\u00fcne kadar s\u00fcrecek olan m\u00fcsabakalarda sporcumuz Emir Bartu \u00d6zcan, 50 metre kurba\u011falama yar\u0131\u015f\u0131nda y\u00fczm\u00fc\u015f oldu\u011fu 31.07\u2019lik derecesiyle 13 Ya\u015f T\u00fcrkiye rekoru k\u0131rd\u0131.<\/p>\n\n\n\n<p>100 metre serbestte m\u00fccadele eden Demir \u00d6zdemir ise elde etti\u011fi 49:85\u2019lik derecesiyle 16-17-18 ya\u015f T\u00fcrkiye rekorunu eline ge\u00e7irdi.<\/p>\n","protected":false},"excerpt":{"rendered":"<p>Y\u00fczmede T\u00fcrkiye Y\u0131ld\u0131z-Gen\u00e7 ve A\u00e7\u0131k Ya\u015f Uzun Kulvar Milli Tak\u0131m Se\u00e7me M\u00fcsabakalar\u0131 Gaziantep\u2019in ev sahipli\u011finde ba\u015flad\u0131. 22 Aral\u0131k Pazar g\u00fcn\u00fcne kadar s\u00fcrecek olan m\u00fcsabakalarda sporcumuz Emir Bartu \u00d6zcan, 50 metre kurba\u011falama yar\u0131\u015f\u0131nda y\u00fczm\u00fc\u015f oldu\u011fu 31.07\u2019lik derecesiyle 13 Ya\u015f T\u00fcrkiye rekoru k\u0131rd\u0131. 100 metre serbestte m\u00fccadele eden Demir \u00d6zdemir ise elde etti\u011fi 49:85\u2019lik derecesiyle 16-17-18 ya\u015f [&hellip;]<\/p>\n","protected":false},"author":1,"featured_media":1287,"comment_status":"closed","ping_status":"closed","sticky":false,"template":"","format":"standard","meta":{"jnews-multi-image_gallery":[],"jnews_single_post":{"format":"standard"},"jnews_primary_category":[],"jnews_social_meta":[],"jnews_override_counter":[],"footnotes":""},"categories":[2,14],"tags":[23,33],"class_list":["post-26522","post","type-post","status-publish","format-standard","has-post-thumbnail","hentry","category-haberler","category-yuzme","tag-fenerbahce","tag-yuzme"],"amp_enabled":true,"_links":{"self":[{"href":"https:\/\/www.fener.org\/index.php\/wp-json\/wp\/v2\/posts\/26522","targetHints":{"allow":["GET"]}}],"collection":[{"href":"https:\/\/www.fener.org\/index.php\/wp-json\/wp\/v2\/posts"}],"about":[{"href":"https:\/\/www.fener.org\/index.php\/wp-json\/wp\/v2\/types\/post"}],"author":[{"embeddable":true,"href":"https:\/\/www.fener.org\/index.php\/wp-json\/wp\/v2\/users\/1"}],"replies":[{"embeddable":true,"href":"https:\/\/www.fener.org\/index.php\/wp-json\/wp\/v2\/comments?post=26522"}],"version-history":[{"count":1,"href":"https:\/\/www.fener.org\/index.php\/wp-json\/wp\/v2\/posts\/26522\/revisions"}],"predecessor-version":[{"id":26523,"href":"https:\/\/www.fener.org\/index.php\/wp-json\/wp\/v2\/posts\/26522\/revisions\/26523"}],"wp:featuredmedia":[{"embeddable":true,"href":"https:\/\/www.fener.org\/index.php\/wp-json\/wp\/v2\/media\/1287"}],"wp:attachment":[{"href":"https:\/\/www.fener.org\/index.php\/wp-json\/wp\/v2\/media?parent=26522"}],"wp:term":[{"taxonomy":"category","embeddable":true,"href":"https:\/\/www.fener.org\/index.php\/wp-json\/wp\/v2\/categories?post=26522"},{"taxonomy":"post_tag","embeddable":true,"href":"https:\/\/www.fener.org\/index.php\/wp-json\/wp\/v2\/tags?post=26522"}],"curies":[{"name":"wp","href":"https:\/\/api.w.org\/{rel}","templated":true}]}}