{"id":26477,"date":"2024-12-15T18:31:25","date_gmt":"2024-12-15T15:31:25","guid":{"rendered":"https:\/\/www.fener.org\/?p=26477"},"modified":"2024-12-15T18:31:32","modified_gmt":"2024-12-15T15:31:32","slug":"beylerbeyi-sk-1-2-fenerbahce-petrol-ofisi","status":"publish","type":"post","link":"https:\/\/www.fener.org\/index.php\/2024\/12\/15\/beylerbeyi-sk-1-2-fenerbahce-petrol-ofisi\/","title":{"rendered":"Beylerbeyi SK 1-2 Fenerbah\u00e7e Petrol Ofisi"},"content":{"rendered":"\n<p>Fenerbah\u00e7e Petrol Ofisi Kad\u0131n Futbol Tak\u0131m\u0131m\u0131z, Turkcell Kad\u0131n Futbol S\u00fcper Ligi&#8217;nin 12. haftas\u0131nda Beylerbeyi SK\u2019ya konuk oldu. Kar\u015f\u0131la\u015fmay\u0131 2-1 kazanan Tak\u0131m\u0131m\u0131z, puan\u0131n\u0131 33\u2019e y\u00fckseltti ve liderli\u011fini s\u00fcrd\u00fcrd\u00fc.<\/p>\n\n\n\n<p>Beylerbeyi 75. Y\u0131l Stadyumu\u2019nda oynanan kar\u015f\u0131la\u015fmada Tak\u0131m\u0131m\u0131za galibiyeti getiren golleri; 41. dakikada Ya\u011fmur Uraz, 78. dakikada Karyna Alkhovik kaydetti.<\/p>\n\n\n\n<p>Fenerbah\u00e7e Petrol Ofisi ligin 13. haftas\u0131nda 22 Aral\u0131k Pazar g\u00fcn\u00fc ALG Spor\u2019u a\u011f\u0131rlayacak. Fenerbah\u00e7e Derea\u011fz\u0131 Lefter K\u00fc\u00e7\u00fckandonyadis Tesisleri\u2019nde oynanacak kar\u015f\u0131la\u015fma saat 14.00\u2019te ba\u015flayacak ve FB TV ile Fenerbah\u00e7e YouTube\u2019dan canl\u0131 yay\u0131nlanacak.<\/p>\n","protected":false},"excerpt":{"rendered":"<p>Fenerbah\u00e7e Petrol Ofisi Kad\u0131n Futbol Tak\u0131m\u0131m\u0131z, Turkcell Kad\u0131n Futbol S\u00fcper Ligi&#8217;nin 12. haftas\u0131nda Beylerbeyi SK\u2019ya konuk oldu. Kar\u015f\u0131la\u015fmay\u0131 2-1 kazanan Tak\u0131m\u0131m\u0131z, puan\u0131n\u0131 33\u2019e y\u00fckseltti ve liderli\u011fini s\u00fcrd\u00fcrd\u00fc. Beylerbeyi 75. Y\u0131l Stadyumu\u2019nda oynanan kar\u015f\u0131la\u015fmada Tak\u0131m\u0131m\u0131za galibiyeti getiren golleri; 41. dakikada Ya\u011fmur Uraz, 78. dakikada Karyna Alkhovik kaydetti. Fenerbah\u00e7e Petrol Ofisi ligin 13. haftas\u0131nda 22 Aral\u0131k Pazar [&hellip;]<\/p>\n","protected":false},"author":1,"featured_media":26478,"comment_status":"closed","ping_status":"closed","sticky":false,"template":"","format":"standard","meta":{"jnews-multi-image_gallery":[],"jnews_single_post":{"format":"standard","override":[{"template":"1","parallax":"1","fullscreen":"1","layout":"right-sidebar","sidebar":"mysidebar","second_sidebar":"default-sidebar","sticky_sidebar":"1","share_position":"float","share_float_style":"share-normal","show_share_counter":"1","show_view_counter":"1","show_featured":"1","show_post_meta":"1","show_post_author_image":"1","show_post_date":"1","post_date_format":"default","post_date_format_custom":"Y\/m\/d","show_post_reading_time":"0","post_reading_time_wpm":"300","post_calculate_word_method":"str_word_count","show_zoom_button":"0","zoom_button_out_step":"2","zoom_button_in_step":"3","show_prev_next_post":"1","number_popup_post":"3","show_author_box":"0","show_post_related":"0","show_inline_post_related":"0"}],"image_override":[{"single_post_thumbnail_size":"crop-500","single_post_gallery_size":"crop-500"}],"trending_post_position":"meta","trending_post_label":"Trending","sponsored_post_label":"Sponsored by","disable_ad":"0","subtitle":"Fenerbah\u00e7e Kad\u0131n Futbol Tak\u0131m\u0131m\u0131z, Kad\u0131n Futbol S\u00fcper Ligi'nin 12. haftas\u0131nda deplasmanda Beylerbeyi SK ile oynad\u0131\u011f\u0131 m\u00fccadeleden 2-1 galip ayr\u0131ld\u0131."},"jnews_primary_category":{"id":"4"},"jnews_social_meta":[],"jnews_override_counter":{"view_counter_number":"0","share_counter_number":"0","like_counter_number":"0","dislike_counter_number":"0"},"footnotes":""},"categories":[4,2,191],"tags":[23,192],"class_list":["post-26477","post","type-post","status-publish","format-standard","has-post-thumbnail","hentry","category-futbol","category-haberler","category-kadin-futbol","tag-fenerbahce","tag-kadinfutbol"],"amp_enabled":true,"_links":{"self":[{"href":"https:\/\/www.fener.org\/index.php\/wp-json\/wp\/v2\/posts\/26477","targetHints":{"allow":["GET"]}}],"collection":[{"href":"https:\/\/www.fener.org\/index.php\/wp-json\/wp\/v2\/posts"}],"about":[{"href":"https:\/\/www.fener.org\/index.php\/wp-json\/wp\/v2\/types\/post"}],"author":[{"embeddable":true,"href":"https:\/\/www.fener.org\/index.php\/wp-json\/wp\/v2\/users\/1"}],"replies":[{"embeddable":true,"href":"https:\/\/www.fener.org\/index.php\/wp-json\/wp\/v2\/comments?post=26477"}],"version-history":[{"count":1,"href":"https:\/\/www.fener.org\/index.php\/wp-json\/wp\/v2\/posts\/26477\/revisions"}],"predecessor-version":[{"id":26479,"href":"https:\/\/www.fener.org\/index.php\/wp-json\/wp\/v2\/posts\/26477\/revisions\/26479"}],"wp:featuredmedia":[{"embeddable":true,"href":"https:\/\/www.fener.org\/index.php\/wp-json\/wp\/v2\/media\/26478"}],"wp:attachment":[{"href":"https:\/\/www.fener.org\/index.php\/wp-json\/wp\/v2\/media?parent=26477"}],"wp:term":[{"taxonomy":"category","embeddable":true,"href":"https:\/\/www.fener.org\/index.php\/wp-json\/wp\/v2\/categories?post=26477"},{"taxonomy":"post_tag","embeddable":true,"href":"https:\/\/www.fener.org\/index.php\/wp-json\/wp\/v2\/tags?post=26477"}],"curies":[{"name":"wp","href":"https:\/\/api.w.org\/{rel}","templated":true}]}}