{"id":26449,"date":"2024-12-14T16:44:57","date_gmt":"2024-12-14T13:44:57","guid":{"rendered":"https:\/\/www.fener.org\/?p=26449"},"modified":"2024-12-14T16:45:01","modified_gmt":"2024-12-14T13:45:01","slug":"u17-ve-u19-takimlarimizin-mac-sonuclari-3","status":"publish","type":"post","link":"https:\/\/www.fener.org\/index.php\/2024\/12\/14\/u17-ve-u19-takimlarimizin-mac-sonuclari-3\/","title":{"rendered":"U17 ve U19 Tak\u0131mlar\u0131m\u0131z\u0131n ma\u00e7 sonu\u00e7lar\u0131"},"content":{"rendered":"\n<p>Fenerbah\u00e7e 12, 17 ve 19 Ya\u015f Alt\u0131 Futbol Tak\u0131mlar\u0131m\u0131z\u0131n, liglerinde oynad\u0131klar\u0131 ma\u00e7lar\u0131n sonu\u00e7lar\u0131 ve detaylar \u015fu \u015fekilde:<br><br><strong>Fenerbah\u00e7e 0-1 Ataka\u015f Hatayspor (U19)<\/strong><br><br>19 Ya\u015f Alt\u0131 Futbol Tak\u0131m\u0131m\u0131z, U19 Elit A Ligi 17. hafta ma\u00e7\u0131nda Ataka\u015f Hatayspor\u2019u a\u011f\u0131rlad\u0131. Fenerbah\u00e7e Derea\u011fz\u0131 Lefter K\u00fc\u00e7\u00fckandonyadis Tesisleri\u2019nde oynanan ma\u00e7 1-0\u2019l\u0131k ma\u011flubiyetimizle sonu\u00e7land\u0131.<br><br>U19 Tak\u0131m\u0131m\u0131z, ligin 18. haftas\u0131nda 21 Aral\u0131k Cumartesi g\u00fcn\u00fc Galatasaray\u2019a konuk olacak. Florya Metin Oktay Tesisleri\u2019nde oynanacak m\u00fccadele saat 12.00\u2019de ba\u015flayacak.<br><br><strong>Reeder Samsunspor 2-0 Fenerbah\u00e7e (U17)<\/strong><br><br>17 Ya\u015f Alt\u0131 Futbol Tak\u0131m\u0131m\u0131z, ligin 17. haftas\u0131nda Reeder Samsunspor\u2019a konuk oldu. Mustafa Kemal Erkanat Bat\u0131park Tesisleri\u2019nde oynanan m\u00fccadeleden ekibimiz, 2-0 ma\u011flup ayr\u0131ld\u0131.<br><br>U17 Tak\u0131m\u0131m\u0131z, 18. hafta ma\u00e7\u0131nda 21 Aral\u0131k Cumartesi g\u00fcn\u00fc saat 15.00\u2019te Ey\u00fcpspor\u2019u konuk edecek.<\/p>\n","protected":false},"excerpt":{"rendered":"<p>Fenerbah\u00e7e 12, 17 ve 19 Ya\u015f Alt\u0131 Futbol Tak\u0131mlar\u0131m\u0131z\u0131n, liglerinde oynad\u0131klar\u0131 ma\u00e7lar\u0131n sonu\u00e7lar\u0131 ve detaylar \u015fu \u015fekilde: Fenerbah\u00e7e 0-1 Ataka\u015f Hatayspor (U19) 19 Ya\u015f Alt\u0131 Futbol Tak\u0131m\u0131m\u0131z, U19 Elit A Ligi 17. hafta ma\u00e7\u0131nda Ataka\u015f Hatayspor\u2019u a\u011f\u0131rlad\u0131. Fenerbah\u00e7e Derea\u011fz\u0131 Lefter K\u00fc\u00e7\u00fckandonyadis Tesisleri\u2019nde oynanan ma\u00e7 1-0\u2019l\u0131k ma\u011flubiyetimizle sonu\u00e7land\u0131. U19 Tak\u0131m\u0131m\u0131z, ligin 18. haftas\u0131nda 21 Aral\u0131k Cumartesi [&hellip;]<\/p>\n","protected":false},"author":1,"featured_media":1278,"comment_status":"closed","ping_status":"closed","sticky":false,"template":"","format":"standard","meta":{"jnews-multi-image_gallery":[],"jnews_single_post":{"format":"standard","override":[{"template":"1","parallax":"1","fullscreen":"1","layout":"right-sidebar","sidebar":"mysidebar","second_sidebar":"default-sidebar","sticky_sidebar":"1","share_position":"float","share_float_style":"share-normal","show_share_counter":"1","show_view_counter":"1","show_featured":"1","show_post_meta":"1","show_post_author_image":"1","show_post_date":"1","post_date_format":"default","post_date_format_custom":"Y\/m\/d","show_post_reading_time":"0","post_reading_time_wpm":"300","post_calculate_word_method":"str_word_count","show_zoom_button":"0","zoom_button_out_step":"2","zoom_button_in_step":"3","show_prev_next_post":"1","number_popup_post":"3","show_author_box":"0","show_post_related":"0","show_inline_post_related":"0"}],"image_override":[{"single_post_thumbnail_size":"crop-500","single_post_gallery_size":"crop-500"}],"trending_post_position":"meta","trending_post_label":"Trending","sponsored_post_label":"Sponsored by","disable_ad":"0"},"jnews_primary_category":{"id":"4"},"jnews_social_meta":[],"jnews_override_counter":{"view_counter_number":"0","share_counter_number":"0","like_counter_number":"0","dislike_counter_number":"0"},"footnotes":""},"categories":[4,17,2],"tags":[23,54],"class_list":["post-26449","post","type-post","status-publish","format-standard","has-post-thumbnail","hentry","category-futbol","category-futbol-altyapi","category-haberler","tag-fenerbahce","tag-futbol"],"amp_enabled":true,"_links":{"self":[{"href":"https:\/\/www.fener.org\/index.php\/wp-json\/wp\/v2\/posts\/26449","targetHints":{"allow":["GET"]}}],"collection":[{"href":"https:\/\/www.fener.org\/index.php\/wp-json\/wp\/v2\/posts"}],"about":[{"href":"https:\/\/www.fener.org\/index.php\/wp-json\/wp\/v2\/types\/post"}],"author":[{"embeddable":true,"href":"https:\/\/www.fener.org\/index.php\/wp-json\/wp\/v2\/users\/1"}],"replies":[{"embeddable":true,"href":"https:\/\/www.fener.org\/index.php\/wp-json\/wp\/v2\/comments?post=26449"}],"version-history":[{"count":1,"href":"https:\/\/www.fener.org\/index.php\/wp-json\/wp\/v2\/posts\/26449\/revisions"}],"predecessor-version":[{"id":26450,"href":"https:\/\/www.fener.org\/index.php\/wp-json\/wp\/v2\/posts\/26449\/revisions\/26450"}],"wp:featuredmedia":[{"embeddable":true,"href":"https:\/\/www.fener.org\/index.php\/wp-json\/wp\/v2\/media\/1278"}],"wp:attachment":[{"href":"https:\/\/www.fener.org\/index.php\/wp-json\/wp\/v2\/media?parent=26449"}],"wp:term":[{"taxonomy":"category","embeddable":true,"href":"https:\/\/www.fener.org\/index.php\/wp-json\/wp\/v2\/categories?post=26449"},{"taxonomy":"post_tag","embeddable":true,"href":"https:\/\/www.fener.org\/index.php\/wp-json\/wp\/v2\/tags?post=26449"}],"curies":[{"name":"wp","href":"https:\/\/api.w.org\/{rel}","templated":true}]}}