{"id":26423,"date":"2024-12-10T22:26:26","date_gmt":"2024-12-10T19:26:26","guid":{"rendered":"https:\/\/www.fener.org\/?p=26423"},"modified":"2024-12-10T22:26:36","modified_gmt":"2024-12-10T19:26:36","slug":"yuzucumuz-kuzey-tuncelliden-yeni-rekor","status":"publish","type":"post","link":"https:\/\/www.fener.org\/index.php\/2024\/12\/10\/yuzucumuz-kuzey-tuncelliden-yeni-rekor\/","title":{"rendered":"Y\u00fcz\u00fcc\u00fcm\u00fcz Kuzey Tun\u00e7elli\u2019den yeni rekor"},"content":{"rendered":"\n<p>Macaristan\u2019\u0131n Budape\u015fte kentinde d\u00fczenlenen D\u00fcnya K\u0131sa Kulvar Y\u00fczme \u015eampiyonas\u0131\u2019nda m\u00fccadele eden Fenerbah\u00e7eli milli y\u00fcz\u00fcc\u00fcm\u00fcz Kuzey Tun\u00e7elli, 1500 metre serbestte 14:20.64&#8217;l\u00fck derecesiyle 17-18-19+ ya\u015f T\u00fcrkiye ve \u2018D\u00fcnya Gen\u00e7ler Rekoru\u2019 k\u0131rarak bronz madalyan\u0131n sahibi oldu.<\/p>\n","protected":false},"excerpt":{"rendered":"<p>Macaristan\u2019\u0131n Budape\u015fte kentinde d\u00fczenlenen D\u00fcnya K\u0131sa Kulvar Y\u00fczme \u015eampiyonas\u0131\u2019nda m\u00fccadele eden Fenerbah\u00e7eli milli y\u00fcz\u00fcc\u00fcm\u00fcz Kuzey Tun\u00e7elli, 1500 metre serbestte 14:20.64&#8217;l\u00fck derecesiyle 17-18-19+ ya\u015f T\u00fcrkiye ve \u2018D\u00fcnya Gen\u00e7ler Rekoru\u2019 k\u0131rarak bronz madalyan\u0131n sahibi oldu.<\/p>\n","protected":false},"author":1,"featured_media":26424,"comment_status":"closed","ping_status":"closed","sticky":false,"template":"","format":"standard","meta":{"jnews-multi-image_gallery":[],"jnews_single_post":{"format":"standard","override":[{"template":"1","parallax":"1","fullscreen":"1","layout":"right-sidebar","sidebar":"mysidebar","second_sidebar":"default-sidebar","sticky_sidebar":"1","share_position":"float","share_float_style":"share-normal","show_share_counter":"1","show_view_counter":"1","show_featured":"1","show_post_meta":"1","show_post_author_image":"1","show_post_date":"1","post_date_format":"default","post_date_format_custom":"Y\/m\/d","show_post_reading_time":"0","post_reading_time_wpm":"300","post_calculate_word_method":"str_word_count","show_zoom_button":"0","zoom_button_out_step":"2","zoom_button_in_step":"3","show_prev_next_post":"1","number_popup_post":"3","show_author_box":"0","show_post_related":"0","show_inline_post_related":"0"}],"image_override":[{"single_post_thumbnail_size":"crop-500","single_post_gallery_size":"crop-500"}],"trending_post_position":"meta","trending_post_label":"Trending","sponsored_post_label":"Sponsored by","disable_ad":"0"},"jnews_primary_category":{"id":"14"},"jnews_social_meta":[],"jnews_override_counter":{"view_counter_number":"0","share_counter_number":"0","like_counter_number":"0","dislike_counter_number":"0"},"footnotes":""},"categories":[2,14],"tags":[23,33],"class_list":["post-26423","post","type-post","status-publish","format-standard","has-post-thumbnail","hentry","category-haberler","category-yuzme","tag-fenerbahce","tag-yuzme"],"amp_enabled":true,"_links":{"self":[{"href":"https:\/\/www.fener.org\/index.php\/wp-json\/wp\/v2\/posts\/26423","targetHints":{"allow":["GET"]}}],"collection":[{"href":"https:\/\/www.fener.org\/index.php\/wp-json\/wp\/v2\/posts"}],"about":[{"href":"https:\/\/www.fener.org\/index.php\/wp-json\/wp\/v2\/types\/post"}],"author":[{"embeddable":true,"href":"https:\/\/www.fener.org\/index.php\/wp-json\/wp\/v2\/users\/1"}],"replies":[{"embeddable":true,"href":"https:\/\/www.fener.org\/index.php\/wp-json\/wp\/v2\/comments?post=26423"}],"version-history":[{"count":1,"href":"https:\/\/www.fener.org\/index.php\/wp-json\/wp\/v2\/posts\/26423\/revisions"}],"predecessor-version":[{"id":26425,"href":"https:\/\/www.fener.org\/index.php\/wp-json\/wp\/v2\/posts\/26423\/revisions\/26425"}],"wp:featuredmedia":[{"embeddable":true,"href":"https:\/\/www.fener.org\/index.php\/wp-json\/wp\/v2\/media\/26424"}],"wp:attachment":[{"href":"https:\/\/www.fener.org\/index.php\/wp-json\/wp\/v2\/media?parent=26423"}],"wp:term":[{"taxonomy":"category","embeddable":true,"href":"https:\/\/www.fener.org\/index.php\/wp-json\/wp\/v2\/categories?post=26423"},{"taxonomy":"post_tag","embeddable":true,"href":"https:\/\/www.fener.org\/index.php\/wp-json\/wp\/v2\/tags?post=26423"}],"curies":[{"name":"wp","href":"https:\/\/api.w.org\/{rel}","templated":true}]}}