{"id":26360,"date":"2024-12-05T17:00:00","date_gmt":"2024-12-05T14:00:00","guid":{"rendered":"https:\/\/www.fener.org\/?p=26360"},"modified":"2024-12-06T00:36:07","modified_gmt":"2024-12-05T21:36:07","slug":"yelkencilerimizden-basarili-sonuclar","status":"publish","type":"post","link":"https:\/\/www.fener.org\/index.php\/2024\/12\/05\/yelkencilerimizden-basarili-sonuclar\/","title":{"rendered":"Yelkencilerimizden ba\u015far\u0131l\u0131 sonu\u00e7lar"},"content":{"rendered":"\n<p>Yelkencilerimiz, 101. Y\u0131l Cumhuriyet Bayram\u0131 Kupas\u0131, TYF Yelken Ligi 1. Ayak ILCA (Federasyon Kupas\u0131) Yar\u0131\u015flar\u0131, Atat\u00fcrk\u2019\u00fc Anma Kupas\u0131 Hareketli Salma Yar\u0131\u015flar\u0131 ve TYF Yelken Ligi 1. Ayak Techno 293 ve IQ Foil Yar\u0131\u015flar\u0131nda ba\u015far\u0131l\u0131 sonu\u00e7lara imza att\u0131.<br>\u00a0<br>Yelkencilerimiz, 26-29 Ekim 2024 tarihleri aras\u0131nda \u0130stanbul \u0130l Temsilcili\u011fi taraf\u0131ndan d\u00fczenlenen 101. Y\u0131l Cumhuriyet Bayram\u0131 Kupas\u0131 Yar\u0131\u015flar\u0131nda bayra\u011f\u0131m\u0131z\u0131 gururla dalgaland\u0131rd\u0131. Sporcular\u0131m\u0131z\u0131n ald\u0131\u011f\u0131 dereceler \u015fu \u015fekilde:<br>\u00a0<br><strong>470 Genel Klasman<\/strong><br>Can Ert\u00fcrk &#8211; Lara Nalbanto\u011flu\u00a0 &#8211; Alt\u0131n\u00a0<br>Nehir G\u00fczeltuna &#8211; Mete Salt\u0131k\u00a0 &#8211; G\u00fcm\u00fc\u015f\u00a0<br>Irmak Tomak &#8211; Ya\u011f\u0131z \u00d6nder\u00a0 &#8211; Bronz\u00a0<br>\u00a0<br><strong>29er Genel Klasman<\/strong><br>Ela T\u0131rpanc\u0131 \u2013 Bilge Duru \u0130peko\u011flu \u2013 Alt\u0131n<br>Sinan \u00c7acur \u2013 Demir Nevzat \u00d6zel\u00a0 &#8211;\u00a0 G\u00fcm\u00fc\u015f<br>Baran Aksoy \u2013 Ali kemal Acer \u2013 Bronz<br>\u00a0<br><strong>420 Genel Klasman<\/strong><br>Can \u00c7a\u00e7ur \u2013 Aras \u015eeng\u00fcn\u00a0 &#8211; G\u00fcm\u00fc\u015f<br>Maya Utlu \u2013 Mira Utlu\u00a0 &#8211; Bronz<br>\u00a0<br><strong>Optimist Genel Klasman<\/strong><br>Elif Terece\u00a0 &#8211; Bronz<br>\u00a0<br><strong>Optimist Genel K\u0131zlar Kategorisi<\/strong><br>Elif Terece\u00a0 &#8211; Alt\u0131n<br>Lale \u015eirin Goca\u00a0 &#8211; G\u00fcm\u00fc\u015f<br>Ada Vera T\u00fcfek\u00e7iler\u00a0 &#8211; Bronz<br>\u00a0<br><strong>Optimist Junior K\u0131zlar Kategorisi<\/strong><br>Duru Mevi Ufuk\u00a0 &#8211; Bronz<br>\u00a0<br><strong>Optimist Bambino Erkekler<\/strong><br>Deniz Emrah Kele\u015f\u00a0 &#8211; G\u00fcm\u00fc\u015f<br>\u00a0<br>2024 \u2013 2025 TYF Yelken Ligi 1. Ayak ILCA (Federasyon Kupas\u0131) Yar\u0131\u015flar\u0131 Fo\u00e7a\/Mark Warner Phokaia Beach Resort Otel\u2019in ev sahipli\u011finde ger\u00e7ekle\u015fti. Sporcular\u0131m\u0131z\u0131n ald\u0131\u011f\u0131 ba\u015far\u0131lar:<br>\u00a0<br><strong>Ilca7 Genel<\/strong><br>Yi\u011fit Yal\u00e7\u0131n \u00c7\u0131tak \u2013 1.<br>Berkay Abay\u00a0 &#8211; 2.<br>\u00a0<br><strong>Gen\u00e7ler<\/strong><br>Mustafacan \u00d6ztuncel\u00a0 &#8211; 2.<br>Eros G\u00fcm\u00fc\u015f\u00a0 &#8211; 3.<br>\u00a0<br><strong>Ilca6 Gen\u00e7ler<\/strong><br>Aras Akta\u015f \u2013 3.<br>\u00a0<br><strong>Kad\u0131nlar<\/strong><br>Ece T\u00fcz\u00fcn\u00a0 &#8211; 2.<br>\u00a0<br><strong>Gen\u00e7 Kad\u0131nlar<\/strong><br>Ece T\u00fcz\u00fcn \u2013 1.<br>Asya \u015eakakl\u0131\u00a0 &#8211; 3.<br>\u00a0<br><strong>Ilca4 Genel<\/strong><br>Sinan Uslu\u00a0 &#8211; 3.<br>Han Ero\u011flu\u00a0 &#8211; 4.<br>\u00a0<br><strong>Junior<\/strong><br>Sinan Uslu\u00a0 &#8211; 1.<br>Han Ero\u011flu\u00a0 &#8211; 2.<br>\u00a0<br>\u0130stanbul \u0130l Temsilcili\u011fi taraf\u0131ndan organize edilen Atat\u00fcrk\u2019\u00fc Anma Kupas\u0131 Hareketli Salma Yar\u0131\u015flar\u0131 10 Kas\u0131m Pazar g\u00fcn\u00fc ger\u00e7ekle\u015ftirildi. Sporcular\u0131m\u0131z\u0131n elde etti\u011fi ba\u015far\u0131lar \u015fu \u015fekilde:<br>\u00a0<br><strong>420 K\u0131zlar<\/strong><br>Maya Utlu \u2013 Mira Utlu\u00a0 &#8211; G\u00fcm\u00fc\u015f<br>\u00a0<br><strong>420 \u00a0U17 K\u0131zlar<\/strong><br>Maya Utlu\u00a0 &#8211; Miray Utlu\u00a0 &#8211; G\u00fcm\u00fc\u015f<br>\u00a0<br><strong>420\u00a0 U15 Genel<\/strong><br>Maya Utlu\u00a0 &#8211; Miray Utlu\u00a0 &#8211; G\u00fcm\u00fc\u015f<br>\u00a0<br><strong>420\u00a0 U15 K\u0131zlar<\/strong><br>Maya Utlu\u00a0 &#8211; Miray Utlu\u00a0 &#8211; Alt\u0131n<br>\u00a0<br><strong>29er Genel<\/strong><br>Ela T\u0131rpanc\u0131 \u2013 Bilge Duru \u0130peko\u011flu\u00a0 &#8211; Alt\u0131n<br>Sinan \u00c7a\u00e7ur\u00a0 &#8211; Demir Nevzat \u00d6zel\u00a0 &#8211; G\u00fcm\u00fc\u015f<br>\u00a0<br><strong>Optimist Genel<\/strong><br>Ada Vera T\u00fcfek\u00e7iler\u00a0 &#8211;\u00a0 Alt\u0131n<br>Alaz Elig\u00fcr\u00a0 &#8211;\u00a0 G\u00fcm\u00fc\u015f<br>Eymen Pehlivan\u00a0 &#8211; Bronz<br>\u00a0<br><strong>Optimist K\u0131zlar<\/strong><br>Ada Vera T\u00fcfek\u00e7iler\u00a0 &#8211;\u00a0 Alt\u0131n<br>Derya K\u00f6ro\u011flu\u00a0 &#8211;\u00a0\u00a0 G\u00fcm\u00fc\u015f<br>\u00a0<br><strong>Optimist Junior Genel<\/strong><br>Atamert Uygun \u2013 Alt\u0131n<br>Duru Mavi Ufuk\u00a0 &#8211;\u00a0 G\u00fcm\u00fc\u015f<br>\u00a0<br><strong>Optimist Junior K\u0131zlar<\/strong><br>Duru Mavi Ufuk\u00a0 &#8211; Alt\u0131n<br>\u00a0<br>2024 \u2013 2025 y\u0131l\u0131 TYF Yelken Ligi 1. Ayak Techno 293 ve IQ Foil Yar\u0131\u015flar\u0131, 18\u201325\u00a0 Kas\u0131m tarihleri aras\u0131nda Bal\u0131kesir \/ Ayval\u0131k\u2019ta d\u00fczenlendi. Sporcular\u0131m\u0131z\u0131n ald\u0131\u011f\u0131 dereceler \u015fu \u015fekilde:<br>\u00a0<br><strong>IQ Foil Kad\u0131nlar<\/strong><br>Merve Vatan\u00a0 &#8211; Alt\u0131n<br>\u00a0<br><strong>IQ Foil U23 K\u0131zlar<\/strong><br>Merve Vatan\u00a0 &#8211;\u00a0 Alt\u0131n<\/p>\n","protected":false},"excerpt":{"rendered":"<p>Yelkencilerimiz, 101. Y\u0131l Cumhuriyet Bayram\u0131 Kupas\u0131, TYF Yelken Ligi 1. Ayak ILCA (Federasyon Kupas\u0131) Yar\u0131\u015flar\u0131, Atat\u00fcrk\u2019\u00fc Anma Kupas\u0131 Hareketli Salma Yar\u0131\u015flar\u0131 ve TYF Yelken Ligi 1. Ayak Techno 293 ve IQ Foil Yar\u0131\u015flar\u0131nda ba\u015far\u0131l\u0131 sonu\u00e7lara imza att\u0131.\u00a0Yelkencilerimiz, 26-29 Ekim 2024 tarihleri aras\u0131nda \u0130stanbul \u0130l Temsilcili\u011fi taraf\u0131ndan d\u00fczenlenen 101. Y\u0131l Cumhuriyet Bayram\u0131 Kupas\u0131 Yar\u0131\u015flar\u0131nda bayra\u011f\u0131m\u0131z\u0131 gururla [&hellip;]<\/p>\n","protected":false},"author":1,"featured_media":1286,"comment_status":"closed","ping_status":"closed","sticky":false,"template":"","format":"standard","meta":{"jnews-multi-image_gallery":[],"jnews_single_post":{"format":"standard","override":[{"template":"1","parallax":"1","fullscreen":"1","layout":"right-sidebar","sidebar":"mysidebar","second_sidebar":"default-sidebar","sticky_sidebar":"1","share_position":"float","share_float_style":"share-normal","show_share_counter":"1","show_view_counter":"1","show_featured":"1","show_post_meta":"1","show_post_author_image":"1","show_post_date":"1","post_date_format":"default","post_date_format_custom":"Y\/m\/d","show_post_reading_time":"0","post_reading_time_wpm":"300","post_calculate_word_method":"str_word_count","show_zoom_button":"0","zoom_button_out_step":"2","zoom_button_in_step":"3","show_prev_next_post":"1","number_popup_post":"3","show_author_box":"0","show_post_related":"0","show_inline_post_related":"0"}],"image_override":[{"single_post_thumbnail_size":"crop-500","single_post_gallery_size":"crop-500"}],"trending_post_position":"meta","trending_post_label":"Trending","sponsored_post_label":"Sponsored by","disable_ad":"0"},"jnews_primary_category":{"id":"12"},"jnews_social_meta":[],"jnews_override_counter":{"view_counter_number":"0","share_counter_number":"0","like_counter_number":"0","dislike_counter_number":"0"},"footnotes":""},"categories":[2,12],"tags":[23,31],"class_list":["post-26360","post","type-post","status-publish","format-standard","has-post-thumbnail","hentry","category-haberler","category-yelken","tag-fenerbahce","tag-yelken"],"amp_enabled":true,"_links":{"self":[{"href":"https:\/\/www.fener.org\/index.php\/wp-json\/wp\/v2\/posts\/26360","targetHints":{"allow":["GET"]}}],"collection":[{"href":"https:\/\/www.fener.org\/index.php\/wp-json\/wp\/v2\/posts"}],"about":[{"href":"https:\/\/www.fener.org\/index.php\/wp-json\/wp\/v2\/types\/post"}],"author":[{"embeddable":true,"href":"https:\/\/www.fener.org\/index.php\/wp-json\/wp\/v2\/users\/1"}],"replies":[{"embeddable":true,"href":"https:\/\/www.fener.org\/index.php\/wp-json\/wp\/v2\/comments?post=26360"}],"version-history":[{"count":1,"href":"https:\/\/www.fener.org\/index.php\/wp-json\/wp\/v2\/posts\/26360\/revisions"}],"predecessor-version":[{"id":26361,"href":"https:\/\/www.fener.org\/index.php\/wp-json\/wp\/v2\/posts\/26360\/revisions\/26361"}],"wp:featuredmedia":[{"embeddable":true,"href":"https:\/\/www.fener.org\/index.php\/wp-json\/wp\/v2\/media\/1286"}],"wp:attachment":[{"href":"https:\/\/www.fener.org\/index.php\/wp-json\/wp\/v2\/media?parent=26360"}],"wp:term":[{"taxonomy":"category","embeddable":true,"href":"https:\/\/www.fener.org\/index.php\/wp-json\/wp\/v2\/categories?post=26360"},{"taxonomy":"post_tag","embeddable":true,"href":"https:\/\/www.fener.org\/index.php\/wp-json\/wp\/v2\/tags?post=26360"}],"curies":[{"name":"wp","href":"https:\/\/api.w.org\/{rel}","templated":true}]}}