{"id":26273,"date":"2024-11-29T23:54:12","date_gmt":"2024-11-29T20:54:12","guid":{"rendered":"https:\/\/www.fener.org\/?p=26273"},"modified":"2024-11-30T00:26:17","modified_gmt":"2024-11-29T21:26:17","slug":"sarunas-jasikevicius","status":"publish","type":"post","link":"https:\/\/www.fener.org\/index.php\/2024\/11\/29\/sarunas-jasikevicius\/","title":{"rendered":"Sarunas Jasikevicius: Ko\u00e7 olarak sorumluluk al\u0131yorum"},"content":{"rendered":"\n<p>Fenerbah\u00e7e Erkek Basketbol Tak\u0131m\u0131m\u0131z\u0131n Ba\u015fantren\u00f6r\u00fc Sarunas Jasikevicius, EuroLeague&#8217;de 12. hafta ma\u00e7\u0131nda EA7 Emporio Armani Milano&#8217;yu konuk etti\u011fimiz ma\u00e7\u0131n ard\u0131ndan yapt\u0131\u011f\u0131 de\u011ferlendirmede \u015funlar\u0131 s\u00f6yledi:<\/p>\n\n\n\n<blockquote class=\"wp-block-quote is-layout-flow wp-block-quote-is-layout-flow\">\n<p>&#8220;Milona\u2019yu ve Ettore Messina\u2019y\u0131 galibiyetten dolay\u0131 tebrik ederim. Sahada daha iyi olan tak\u0131m onlard\u0131. Haz\u0131rlanmak i\u00e7in \u00e7ok vaktimiz vard\u0131 ve bu ak\u015famki tablodan dolay\u0131 ko\u00e7 olarak sorumluluk al\u0131yorum. M\u00fccadeleye haz\u0131r olmad\u0131\u011f\u0131m\u0131z ba\u015ftan \u00e7ok netti. Pozisyonlar hep %50-50\u2019idi. Milano sadece h\u00fccum ribauntlar\u0131ndan sonra 8 say\u0131 \u00fcretti. Biz hep bir ad\u0131m gerideydik. Yar\u0131dan sonra daha iyi olmay\u0131 beklerken kar\u015f\u0131 tarafa 50 say\u0131 daha vermi\u015f olduk. Tak\u0131m ger\u00e7ekten haz\u0131r de\u011fildi. Umar\u0131m kazanmaktan b\u0131kmam\u0131\u015f\u0131zd\u0131r, \u00e7\u00fcnk\u00fc bu hi\u00e7 olgunca bir davran\u0131\u015f olmaz.<\/p>\n\n\n\n<p>Top payla\u015f\u0131m\u0131 konudaki istatisti\u011fimiz asl\u0131nda \u00e7ok da k\u00f6t\u00fc de\u011fil ama Milano h\u00fccumdan \u00e7ok iyi geldi. Son 5 ma\u00e7ta 92 say\u0131 \u00fcreterek buraya geldiler. Bug\u00fcn savunmam\u0131z \u00e7ok k\u00f6t\u00fcyd\u00fc. Kesinlikle haz\u0131r de\u011fildik ve her pozisyonda bir ad\u0131m gerideydik. Haz\u0131rlanmak i\u00e7in \u00e7ok vaktimiz vard\u0131. Sahaya yans\u0131mam\u0131\u015f olabilir ama ger\u00e7ekten \u00e7ok fazla \u00e7al\u0131\u015ft\u0131k.&#8221;<\/p>\n<\/blockquote>\n","protected":false},"excerpt":{"rendered":"<p>Fenerbah\u00e7e Erkek Basketbol Tak\u0131m\u0131m\u0131z\u0131n Ba\u015fantren\u00f6r\u00fc Sarunas Jasikevicius, EuroLeague&#8217;de 12. hafta ma\u00e7\u0131nda EA7 Emporio Armani Milano&#8217;yu konuk etti\u011fimiz ma\u00e7\u0131n ard\u0131ndan yapt\u0131\u011f\u0131 de\u011ferlendirmede \u015funlar\u0131 s\u00f6yledi: &#8220;Milona\u2019yu ve Ettore Messina\u2019y\u0131 galibiyetten dolay\u0131 tebrik ederim. Sahada daha iyi olan tak\u0131m onlard\u0131. Haz\u0131rlanmak i\u00e7in \u00e7ok vaktimiz vard\u0131 ve bu ak\u015famki tablodan dolay\u0131 ko\u00e7 olarak sorumluluk al\u0131yorum. M\u00fccadeleye haz\u0131r olmad\u0131\u011f\u0131m\u0131z ba\u015ftan [&hellip;]<\/p>\n","protected":false},"author":1,"featured_media":26274,"comment_status":"closed","ping_status":"closed","sticky":false,"template":"","format":"standard","meta":{"jnews-multi-image_gallery":[],"jnews_single_post":{"format":"standard","override":[{"template":"1","parallax":"1","fullscreen":"1","layout":"right-sidebar","sidebar":"mysidebar","second_sidebar":"default-sidebar","sticky_sidebar":"1","share_position":"float","share_float_style":"share-normal","show_share_counter":"1","show_view_counter":"1","show_featured":"1","show_post_meta":"1","show_post_author_image":"1","show_post_date":"1","post_date_format":"default","post_date_format_custom":"Y\/m\/d","show_post_reading_time":"0","post_reading_time_wpm":"300","post_calculate_word_method":"str_word_count","show_zoom_button":"0","zoom_button_out_step":"2","zoom_button_in_step":"3","show_prev_next_post":"1","number_popup_post":"3","show_author_box":"0","show_post_related":"0","show_inline_post_related":"0"}],"image_override":[{"single_post_thumbnail_size":"crop-500","single_post_gallery_size":"crop-500"}],"trending_post_position":"meta","trending_post_label":"Trending","sponsored_post_label":"Sponsored by","disable_ad":"0","subtitle":"Ba\u015fantren\u00f6r\u00fcm\u00fcz Sarunas Jasikevicius, EA7 Emporio Armani Milano\u2019ya 91-85 ma\u011flup oldu\u011fumuz ma\u00e7\u0131n ard\u0131ndan d\u00fczenlenen bas\u0131n toplant\u0131s\u0131nda a\u00e7\u0131klamalarda bulundu."},"jnews_primary_category":{"id":"5"},"jnews_social_meta":[],"jnews_override_counter":{"view_counter_number":"0","share_counter_number":"0","like_counter_number":"0","dislike_counter_number":"0"},"footnotes":""},"categories":[5,6,2],"tags":[24,74,23],"class_list":["post-26273","post","type-post","status-publish","format-standard","has-post-thumbnail","hentry","category-basketbol","category-erkek-basketbol","category-haberler","tag-basketbol","tag-euroleague","tag-fenerbahce"],"amp_enabled":true,"_links":{"self":[{"href":"https:\/\/www.fener.org\/index.php\/wp-json\/wp\/v2\/posts\/26273","targetHints":{"allow":["GET"]}}],"collection":[{"href":"https:\/\/www.fener.org\/index.php\/wp-json\/wp\/v2\/posts"}],"about":[{"href":"https:\/\/www.fener.org\/index.php\/wp-json\/wp\/v2\/types\/post"}],"author":[{"embeddable":true,"href":"https:\/\/www.fener.org\/index.php\/wp-json\/wp\/v2\/users\/1"}],"replies":[{"embeddable":true,"href":"https:\/\/www.fener.org\/index.php\/wp-json\/wp\/v2\/comments?post=26273"}],"version-history":[{"count":2,"href":"https:\/\/www.fener.org\/index.php\/wp-json\/wp\/v2\/posts\/26273\/revisions"}],"predecessor-version":[{"id":26276,"href":"https:\/\/www.fener.org\/index.php\/wp-json\/wp\/v2\/posts\/26273\/revisions\/26276"}],"wp:featuredmedia":[{"embeddable":true,"href":"https:\/\/www.fener.org\/index.php\/wp-json\/wp\/v2\/media\/26274"}],"wp:attachment":[{"href":"https:\/\/www.fener.org\/index.php\/wp-json\/wp\/v2\/media?parent=26273"}],"wp:term":[{"taxonomy":"category","embeddable":true,"href":"https:\/\/www.fener.org\/index.php\/wp-json\/wp\/v2\/categories?post=26273"},{"taxonomy":"post_tag","embeddable":true,"href":"https:\/\/www.fener.org\/index.php\/wp-json\/wp\/v2\/tags?post=26273"}],"curies":[{"name":"wp","href":"https:\/\/api.w.org\/{rel}","templated":true}]}}