{"id":26263,"date":"2024-11-29T00:58:00","date_gmt":"2024-11-28T21:58:00","guid":{"rendered":"https:\/\/www.fener.org\/?p=26263"},"modified":"2024-11-29T06:14:14","modified_gmt":"2024-11-29T03:14:14","slug":"slavia-prag-1-2-fenerbahce","status":"publish","type":"post","link":"https:\/\/www.fener.org\/index.php\/2024\/11\/29\/slavia-prag-1-2-fenerbahce\/","title":{"rendered":"Slavia Prag 1-2 Fenerbah\u00e7e"},"content":{"rendered":"\n<p>Fenerbah\u00e7emiz, UEFA Avrupa Ligi 5. hafta ma\u00e7\u0131nda \u00c7ekya ekibi Slavia Prag&#8217;a konuk oldu. 1-0 geri d\u00fc\u015ft\u00fc\u011f\u00fc ma\u00e7\u0131 2-1 kazanan Tak\u0131m\u0131m\u0131z, puan\u0131n\u0131 8\u2019e y\u00fckseltti.<\/p>\n\n\n\n<p>Eden Arena&#8217;da oynanan ma\u00e7ta Tak\u0131m\u0131m\u0131za galibiyeti getiren golleri 35. dakikada Edin Dzeko ile 85. dakikada Youssef En-Nesyri kaydetti. Ev sahibi ekibin tek gol\u00fcn\u00fc ise 7. dakikada Chory att\u0131.<\/p>\n\n\n\n<p>Futbol A Tak\u0131m\u0131m\u0131z, UEFA Avrupa Ligi 6. hafta ma\u00e7\u0131nda 11 Aral\u0131k \u00c7ar\u015famba g\u00fcn\u00fc Athletic Bilbao\u2019yu konuk edecek.<\/p>\n\n\n\n<p>Tak\u0131m\u0131m\u0131z 2-1\u2019lik sonu\u00e7la bu sezonki ilk UEFA Avrupa Ligi deplasman galibiyetini elde etti. En-Nesyri \u00fcst \u00fcste \u00fc\u00e7\u00fcnc\u00fc kez Avrupa sahnesinde gol\u00fcn\u00fc kaydederken, Dzeko ise bu sezonki UEFA Avrupa Ligi\u2019ndeki ilk gol\u00fcne imza att\u0131. Fred, ma\u00e7ta g\u00f6rd\u00fc\u011f\u00fc sar\u0131 kartla cezal\u0131 duruma d\u00fc\u015ft\u00fc.<\/p>\n\n\n<p><strong>Ma\u00e7tan dakikalar:<\/strong><\/p>\n<p>7. dakikada sol kanatta topla bulu\u015fan Provod, yerden ceza sahas\u0131na ortalad\u0131. Samet Akayd\u0131n&#8217;\u0131n kayarak m\u00fcdahale etmek istedi\u011fi me\u015fin yuvarlak Tomas Chory&#8217;de kald\u0131. Bu futbolcu yak\u0131n mesafeden plase bir vuru\u015fla topu filelere yollad\u0131: 1-0.<br \/><br \/>17. dakikada Szymanski&#8217;nin uzun pas\u0131nda sa\u011f kanatta topla bulu\u015fan Tadic, ceza sahas\u0131 i\u00e7ine girip Dzeko&#8217;ya pas\u0131n\u0131 aktard\u0131. Bu futbolcunun bekletmeden \u015futunda, savunma son anda araya girerek gole engel oldu.<br \/>24. dakikada sol kanatta topla bulu\u015fan Diouf&#8217;un ceza sahas\u0131na g\u00f6nderdi\u011fi ortada iyi y\u00fckselen Chory kafa vuru\u015funu yapt\u0131 ancak Livakovic iyi yer tutarak topu kontrol etti.<br \/><br \/>35. dakikada Szymanski&#8217;nin pas\u0131nda ceza sahas\u0131 d\u0131\u015f\u0131 sa\u011f \u00e7apraz\u0131nda topla bulu\u015fan Dzeko, ceza yay\u0131na hareketlenip sert vurdu, me\u015fin yuvarlak kaleci Kinsky&#8217;nin solundan a\u011flarla bulu\u015ftu: 1-1.<br \/><br \/>53. dakikada orta sahada topla bulu\u015fan Szymanski, rakibinden s\u0131yr\u0131l\u0131p ceza yay\u0131 \u00f6n\u00fcnden sert \u015futunda kaleci Kinsky, me\u015fin yuvarla\u011f\u0131 kontrol etmeyi ba\u015fard\u0131.<br \/><br \/>72. dakikada soldan ceza sahas\u0131na giren Diouf&#8217;un ceza sahas\u0131na ortas\u0131nda Doudera&#8217;n\u0131n yak\u0131n mesafeden vuru\u015funda top az farkla kale dire\u011finin \u00fcst\u00fcnden d\u0131\u015far\u0131 \u00e7\u0131kt\u0131.<br \/><br \/>85. dakikada sa\u011f kanatta topla bulu\u015fan Mert M\u00fcld\u00fcr&#8217;\u00fcn arka dire\u011fe ortas\u0131nda Dusan Tadic, topu kale sahas\u0131 \u00f6n\u00fcnde uygun durumdaki En-Nesyri&#8217;ye \u00e7\u0131kard\u0131. Bu futbolcunun bekletmeden vuru\u015funda me\u015fin yuvarlak, kaleci Kinsky&#8217;ye \u00e7arparak filelere gitti: 1-2.<br \/><br \/>Kalan dakikalarda ba\u015fka gol olmad\u0131 ve Fenerbah\u00e7emiz m\u00fccadeleden 2-1 galip ayr\u0131ld\u0131.<\/p>","protected":false},"excerpt":{"rendered":"<p>Fenerbah\u00e7emiz, UEFA Avrupa Ligi 5. hafta ma\u00e7\u0131nda \u00c7ekya ekibi Slavia Prag&#8217;a konuk oldu. 1-0 geri d\u00fc\u015ft\u00fc\u011f\u00fc ma\u00e7\u0131 2-1 kazanan Tak\u0131m\u0131m\u0131z, puan\u0131n\u0131 8\u2019e y\u00fckseltti. Eden Arena&#8217;da oynanan ma\u00e7ta Tak\u0131m\u0131m\u0131za galibiyeti getiren golleri 35. dakikada Edin Dzeko ile 85. dakikada Youssef En-Nesyri kaydetti. Ev sahibi ekibin tek gol\u00fcn\u00fc ise 7. dakikada Chory att\u0131. Futbol A Tak\u0131m\u0131m\u0131z, UEFA [&hellip;]<\/p>\n","protected":false},"author":1,"featured_media":26264,"comment_status":"closed","ping_status":"closed","sticky":false,"template":"","format":"standard","meta":{"jnews-multi-image_gallery":[],"jnews_single_post":{"format":"standard","override":[{"template":"1","parallax":"1","fullscreen":"1","layout":"right-sidebar","sidebar":"mysidebar","second_sidebar":"default-sidebar","sticky_sidebar":"1","share_position":"float","share_float_style":"share-normal","show_share_counter":"1","show_view_counter":"1","show_featured":"1","show_post_meta":"1","show_post_author_image":"1","show_post_date":"1","post_date_format":"default","post_date_format_custom":"Y\/m\/d","show_post_reading_time":"0","post_reading_time_wpm":"300","post_calculate_word_method":"str_word_count","show_zoom_button":"0","zoom_button_out_step":"2","zoom_button_in_step":"3","show_prev_next_post":"1","number_popup_post":"3","show_author_box":"0","show_post_related":"0","show_inline_post_related":"0"}],"image_override":[{"single_post_thumbnail_size":"crop-500","single_post_gallery_size":"crop-500"}],"trending_post_position":"meta","trending_post_label":"Trending","sponsored_post_label":"Sponsored by","disable_ad":"0","subtitle":"Fenerbah\u00e7e, UEFA Avrupa Ligi 5. haftas\u0131nda deplasmanda Slavia Prag ile oynad\u0131\u011f\u0131 ma\u00e7\u0131 2-1 kazand\u0131."},"jnews_primary_category":{"id":"4"},"jnews_social_meta":[],"jnews_override_counter":{"view_counter_number":"0","share_counter_number":"0","like_counter_number":"0","dislike_counter_number":"0"},"footnotes":""},"categories":[4,2,47],"tags":[23,54],"class_list":["post-26263","post","type-post","status-publish","format-standard","has-post-thumbnail","hentry","category-futbol","category-haberler","category-profesyonel-a-futbol-takimi","tag-fenerbahce","tag-futbol"],"amp_enabled":true,"_links":{"self":[{"href":"https:\/\/www.fener.org\/index.php\/wp-json\/wp\/v2\/posts\/26263","targetHints":{"allow":["GET"]}}],"collection":[{"href":"https:\/\/www.fener.org\/index.php\/wp-json\/wp\/v2\/posts"}],"about":[{"href":"https:\/\/www.fener.org\/index.php\/wp-json\/wp\/v2\/types\/post"}],"author":[{"embeddable":true,"href":"https:\/\/www.fener.org\/index.php\/wp-json\/wp\/v2\/users\/1"}],"replies":[{"embeddable":true,"href":"https:\/\/www.fener.org\/index.php\/wp-json\/wp\/v2\/comments?post=26263"}],"version-history":[{"count":1,"href":"https:\/\/www.fener.org\/index.php\/wp-json\/wp\/v2\/posts\/26263\/revisions"}],"predecessor-version":[{"id":26265,"href":"https:\/\/www.fener.org\/index.php\/wp-json\/wp\/v2\/posts\/26263\/revisions\/26265"}],"wp:featuredmedia":[{"embeddable":true,"href":"https:\/\/www.fener.org\/index.php\/wp-json\/wp\/v2\/media\/26264"}],"wp:attachment":[{"href":"https:\/\/www.fener.org\/index.php\/wp-json\/wp\/v2\/media?parent=26263"}],"wp:term":[{"taxonomy":"category","embeddable":true,"href":"https:\/\/www.fener.org\/index.php\/wp-json\/wp\/v2\/categories?post=26263"},{"taxonomy":"post_tag","embeddable":true,"href":"https:\/\/www.fener.org\/index.php\/wp-json\/wp\/v2\/tags?post=26263"}],"curies":[{"name":"wp","href":"https:\/\/api.w.org\/{rel}","templated":true}]}}