{"id":26260,"date":"2024-11-28T17:15:21","date_gmt":"2024-11-28T14:15:21","guid":{"rendered":"https:\/\/www.fener.org\/?p=26260"},"modified":"2024-11-28T17:15:27","modified_gmt":"2024-11-28T14:15:27","slug":"fenerbahce-medicanada-slobodan-kovac-donemi","status":"publish","type":"post","link":"https:\/\/www.fener.org\/index.php\/2024\/11\/28\/fenerbahce-medicanada-slobodan-kovac-donemi\/","title":{"rendered":"Fenerbah\u00e7e Medicana&#8217;da Slobodan Kovac d\u00f6nemi"},"content":{"rendered":"\n<p>Fenerbah\u00e7e Medicana Erkek Voleybol Tak\u0131m\u0131m\u0131z, 1967 do\u011fumlu deneyimli S\u0131rp antren\u00f6r Slobodan Kovac ile anla\u015fma\u015fmaya var\u0131ld\u0131\u011f\u0131n\u0131 a\u00e7\u0131klad\u0131.<\/p>\n\n\n\n<p>Kariyerinde \u00e7ok say\u0131da kul\u00fcp tak\u0131m\u0131 \u00e7al\u0131\u015ft\u0131ran Slobodan Kovac; milli tak\u0131mlar d\u00fczeyinde Avrupa \u015fampiyonlu\u011fu, kul\u00fcpler d\u00fczeyinde ise 3 T\u00fcrkiye Ligi, 2 T\u00fcrkiye Kupas\u0131, 2 S\u0131rbistan Ligi ve 1 Challenge Kupas\u0131 kazand\u0131.<\/p>\n\n\n\n<p>Kul\u00fcb\u00fcm\u00fcz\u00fcn resmi sitesinde yay\u0131nlanan a\u00e7\u0131klamada \u015f\u00f6yle denildi:<\/p>\n\n\n\n<blockquote class=\"wp-block-quote is-layout-flow wp-block-quote-is-layout-flow\">\n<p>Fenerbah\u00e7e Medicana Erkek Voleybol Tak\u0131m\u0131m\u0131z, S\u0131rp Ba\u015fantren\u00f6r Slobodan Kovac ile anla\u015fma sa\u011flam\u0131\u015ft\u0131r.<\/p>\n\n\n\n<p>2008-2009 sezonda ba\u015flad\u0131\u011f\u0131 antren\u00f6rl\u00fck kariyerinde \u00e7ok say\u0131da kul\u00fcp tak\u0131m\u0131 \u00e7al\u0131\u015ft\u0131ran ve milli tak\u0131mlar d\u00fczeyinde Avrupa \u015fampiyonlu\u011fu, kul\u00fcpler d\u00fczeyinde ise 3 T\u00fcrkiye Ligi, 2 T\u00fcrkiye Kupas\u0131, 2 S\u0131rbistan Ligi ve 1 Challenge Kupas\u0131 bulunan deneyimli \u00e7al\u0131\u015ft\u0131r\u0131c\u0131, 2014-2015 \u0130ran, 2017-2018 Slovenya ve 2019-2021 y\u0131llar\u0131nda ise S\u0131rbistan Erkek A Milli Voleybol Tak\u0131m\u0131 Ba\u015fantren\u00f6rl\u00fc\u011f\u00fc g\u00f6revini y\u00fcr\u00fctt\u00fc.<\/p>\n\n\n\n<p>Ba\u015far\u0131l\u0131 \u00e7al\u0131\u015ft\u0131r\u0131c\u0131 ayr\u0131ca 2000 Sidney Yaz Olimpiyatlar\u0131\u2019nda alt\u0131n, 2019 y\u0131l\u0131nda ise \u2018CEV Y\u0131l\u0131n Ko\u00e7u\u2019 \u00f6d\u00fcllerinin de sahibi olmu\u015ftu.<\/p>\n\n\n\n<p>1967 do\u011fumlu deneyimli antren\u00f6r son olarak Halkbank\u2019\u0131 \u00e7al\u0131\u015ft\u0131rd\u0131.<\/p>\n\n\n\n<p>S\u0131rp Ba\u015fantren\u00f6r Slobodan Kovac\u2019a Ailemize ho\u015f geldin diyor, ba\u015far\u0131 ve \u015fampiyonluklarla dolu y\u0131llar diliyoruz.<\/p>\n<\/blockquote>\n","protected":false},"excerpt":{"rendered":"<p>Fenerbah\u00e7e Medicana Erkek Voleybol Tak\u0131m\u0131m\u0131z, 1967 do\u011fumlu deneyimli S\u0131rp antren\u00f6r Slobodan Kovac ile anla\u015fma\u015fmaya var\u0131ld\u0131\u011f\u0131n\u0131 a\u00e7\u0131klad\u0131. Kariyerinde \u00e7ok say\u0131da kul\u00fcp tak\u0131m\u0131 \u00e7al\u0131\u015ft\u0131ran Slobodan Kovac; milli tak\u0131mlar d\u00fczeyinde Avrupa \u015fampiyonlu\u011fu, kul\u00fcpler d\u00fczeyinde ise 3 T\u00fcrkiye Ligi, 2 T\u00fcrkiye Kupas\u0131, 2 S\u0131rbistan Ligi ve 1 Challenge Kupas\u0131 kazand\u0131. Kul\u00fcb\u00fcm\u00fcz\u00fcn resmi sitesinde yay\u0131nlanan a\u00e7\u0131klamada \u015f\u00f6yle denildi: Fenerbah\u00e7e Medicana [&hellip;]<\/p>\n","protected":false},"author":1,"featured_media":26261,"comment_status":"closed","ping_status":"closed","sticky":false,"template":"","format":"standard","meta":{"jnews-multi-image_gallery":[],"jnews_single_post":{"format":"standard","override":[{"template":"1","parallax":"1","fullscreen":"1","layout":"right-sidebar","sidebar":"mysidebar","second_sidebar":"default-sidebar","sticky_sidebar":"1","share_position":"float","share_float_style":"share-normal","show_share_counter":"1","show_view_counter":"1","show_featured":"1","show_post_meta":"1","show_post_author_image":"1","show_post_date":"1","post_date_format":"default","post_date_format_custom":"Y\/m\/d","show_post_reading_time":"0","post_reading_time_wpm":"300","post_calculate_word_method":"str_word_count","show_zoom_button":"0","zoom_button_out_step":"2","zoom_button_in_step":"3","show_prev_next_post":"1","number_popup_post":"3","show_author_box":"0","show_post_related":"0","show_inline_post_related":"0"}],"image_override":[{"single_post_thumbnail_size":"crop-500","single_post_gallery_size":"crop-500"}],"trending_post_position":"meta","trending_post_label":"Trending","sponsored_post_label":"Sponsored by","disable_ad":"0","subtitle":"Fenerbah\u00e7e Erkek Voleybol Tak\u0131m\u0131m\u0131z, S\u0131rp Ba\u015fantren\u00f6r Slobodan Kovac ile anla\u015fma sa\u011fland\u0131\u011f\u0131n\u0131 duyurdu."},"jnews_primary_category":{"id":"8"},"jnews_social_meta":[],"jnews_override_counter":{"view_counter_number":"0","share_counter_number":"0","like_counter_number":"0","dislike_counter_number":"0"},"footnotes":""},"categories":[9,2,8],"tags":[23,29],"class_list":["post-26260","post","type-post","status-publish","format-standard","has-post-thumbnail","hentry","category-erkek-voleybol","category-haberler","category-voleybol","tag-fenerbahce","tag-voleybol"],"amp_enabled":true,"_links":{"self":[{"href":"https:\/\/www.fener.org\/index.php\/wp-json\/wp\/v2\/posts\/26260","targetHints":{"allow":["GET"]}}],"collection":[{"href":"https:\/\/www.fener.org\/index.php\/wp-json\/wp\/v2\/posts"}],"about":[{"href":"https:\/\/www.fener.org\/index.php\/wp-json\/wp\/v2\/types\/post"}],"author":[{"embeddable":true,"href":"https:\/\/www.fener.org\/index.php\/wp-json\/wp\/v2\/users\/1"}],"replies":[{"embeddable":true,"href":"https:\/\/www.fener.org\/index.php\/wp-json\/wp\/v2\/comments?post=26260"}],"version-history":[{"count":1,"href":"https:\/\/www.fener.org\/index.php\/wp-json\/wp\/v2\/posts\/26260\/revisions"}],"predecessor-version":[{"id":26262,"href":"https:\/\/www.fener.org\/index.php\/wp-json\/wp\/v2\/posts\/26260\/revisions\/26262"}],"wp:featuredmedia":[{"embeddable":true,"href":"https:\/\/www.fener.org\/index.php\/wp-json\/wp\/v2\/media\/26261"}],"wp:attachment":[{"href":"https:\/\/www.fener.org\/index.php\/wp-json\/wp\/v2\/media?parent=26260"}],"wp:term":[{"taxonomy":"category","embeddable":true,"href":"https:\/\/www.fener.org\/index.php\/wp-json\/wp\/v2\/categories?post=26260"},{"taxonomy":"post_tag","embeddable":true,"href":"https:\/\/www.fener.org\/index.php\/wp-json\/wp\/v2\/tags?post=26260"}],"curies":[{"name":"wp","href":"https:\/\/api.w.org\/{rel}","templated":true}]}}