{"id":26258,"date":"2024-11-28T13:58:19","date_gmt":"2024-11-28T10:58:19","guid":{"rendered":"https:\/\/www.fener.org\/?p=26258"},"modified":"2024-11-28T13:58:23","modified_gmt":"2024-11-28T10:58:23","slug":"fenerbahce-beko-ea7-emporio-armani-milanoyu-konuk-ediyor","status":"publish","type":"post","link":"https:\/\/www.fener.org\/index.php\/2024\/11\/28\/fenerbahce-beko-ea7-emporio-armani-milanoyu-konuk-ediyor\/","title":{"rendered":"Fenerbah\u00e7e Beko, EA7 Emporio Armani Milano\u2019yu konuk ediyor"},"content":{"rendered":"\n<p>Fenerbah\u00e7e Beko Erkek Basketbol Tak\u0131m\u0131m\u0131z, Turkish Airlines EuroLeague 2024-25 sezonu 12. hafta ma\u00e7\u0131nda EA7 Emporio Armani Milano\u2019yu konuk ediyor. 29 Kas\u0131m Cuma g\u00fcn\u00fc (yar\u0131n) 20.45\u2019te \u00dclker Spor ve Etkinlik Salonu\u2019nda oynanacak m\u00fccadele S Sport taraf\u0131ndan canl\u0131 yay\u0131nlanacak. Kar\u015f\u0131la\u015fmay\u0131 Sreten Radovic (H\u0131rvatistan), Emilio Perez (\u0130spanya), Luka Kardum (H\u0131rvatistan) hakem \u00fc\u00e7l\u00fcs\u00fc y\u00f6netecek.<\/p>\n\n\n\n<p>Fenerbah\u00e7e Beko, Turkish Airlines EuroLeague\u2019de son olarak 20 Kas\u0131m \u00c7ar\u015famba g\u00fcn\u00fc Virtus Segafredo Bologna\u2019ya konuk oldu ve rakibini 82-86 ile ge\u00e7ti. Tak\u0131m\u0131m\u0131z ,bu sonu\u00e7la 11. ma\u00e7\u0131nda 9. galibiyetini elde etti.<\/p>\n\n\n\n<p>Ekibimiz, T\u00fcrkiye Sigorta Basketbol S\u00fcper Ligi&#8217;ndeki son ma\u00e7\u0131nda 17 Kas\u0131m Pazar g\u00fcn\u00fc Anadolu Efes\u2019i konuk etti\u011fi m\u00fccadeleyi 86-72 kazanarak yedinci ma\u00e7\u0131nda alt\u0131nc\u0131 galibiyetini ald\u0131.<\/p>\n\n\n\n<p>Fenerbah\u00e7e Beko\u2019da Wade Baldwin IV tak\u0131mla idmanlara ba\u015flad\u0131. Sakatl\u0131klar\u0131 bulunan Scottie Wilbekin ve Devon Hall\u2019un ise tedavileri s\u00fcr\u00fcyor.<\/p>\n\n\n\n<p>Ko\u00e7 Ettore Messina taraf\u0131ndan \u00e7al\u0131\u015ft\u0131r\u0131lan EA7 Emporio Armani Milano, bu sezon EuroLeague\u2019de oynad\u0131\u011f\u0131 11 ma\u00e7ta 5 galibiyet ald\u0131. Milano, son olarak 21 Kas\u0131m Per\u015fembe g\u00fcn\u00fc konuk etti\u011fi Maccabi Playtika\u2019y\u0131 98-86 ile ge\u00e7ti.<\/p>\n\n\n\n<p>\u0130talyan temsilcisi, Serie A\u2019da bu sezon \u00e7\u0131kt\u0131\u011f\u0131 sekiz ma\u00e7ta alt\u0131 galibiyet ald\u0131. Rakibimiz, son olarak 18 Kas\u0131m Pazartesi g\u00fcn\u00fc deplasmanda Vanoli Basket Cremona\u2019y\u0131 83-95 ile ge\u00e7ti.<\/p>\n\n\n\n<p>Fenerbah\u00e7e Beko, rakibiyle oynad\u0131\u011f\u0131 24 EuroLeague ma\u00e7\u0131nda 16 galibiyet elde etti.<\/p>\n","protected":false},"excerpt":{"rendered":"<p>Fenerbah\u00e7e Beko Erkek Basketbol Tak\u0131m\u0131m\u0131z, Turkish Airlines EuroLeague 2024-25 sezonu 12. hafta ma\u00e7\u0131nda EA7 Emporio Armani Milano\u2019yu konuk ediyor. 29 Kas\u0131m Cuma g\u00fcn\u00fc (yar\u0131n) 20.45\u2019te \u00dclker Spor ve Etkinlik Salonu\u2019nda oynanacak m\u00fccadele S Sport taraf\u0131ndan canl\u0131 yay\u0131nlanacak. Kar\u015f\u0131la\u015fmay\u0131 Sreten Radovic (H\u0131rvatistan), Emilio Perez (\u0130spanya), Luka Kardum (H\u0131rvatistan) hakem \u00fc\u00e7l\u00fcs\u00fc y\u00f6netecek. Fenerbah\u00e7e Beko, Turkish Airlines EuroLeague\u2019de [&hellip;]<\/p>\n","protected":false},"author":1,"featured_media":26161,"comment_status":"closed","ping_status":"closed","sticky":false,"template":"","format":"standard","meta":{"jnews-multi-image_gallery":[],"jnews_single_post":{"format":"standard","override":[{"template":"1","parallax":"1","fullscreen":"1","layout":"right-sidebar","sidebar":"mysidebar","second_sidebar":"default-sidebar","sticky_sidebar":"1","share_position":"float","share_float_style":"share-normal","show_share_counter":"1","show_view_counter":"1","show_featured":"1","show_post_meta":"1","show_post_author_image":"1","show_post_date":"1","post_date_format":"default","post_date_format_custom":"Y\/m\/d","show_post_reading_time":"0","post_reading_time_wpm":"300","post_calculate_word_method":"str_word_count","show_zoom_button":"0","zoom_button_out_step":"2","zoom_button_in_step":"3","show_prev_next_post":"1","number_popup_post":"3","show_author_box":"0","show_post_related":"0","show_inline_post_related":"0"}],"image_override":[{"single_post_thumbnail_size":"crop-500","single_post_gallery_size":"crop-500"}],"trending_post_position":"meta","trending_post_label":"Trending","sponsored_post_label":"Sponsored by","disable_ad":"0","subtitle":"Fenerbah\u00e7e Erkek Basketbol Tak\u0131m\u0131m\u0131z, EuroLeague'de 12. hafta ma\u00e7\u0131nda EA7 Emporio Armani Milano\u2019yu a\u011f\u0131rl\u0131yor."},"jnews_primary_category":{"id":"5"},"jnews_social_meta":[],"jnews_override_counter":{"view_counter_number":"0","share_counter_number":"0","like_counter_number":"0","dislike_counter_number":"0"},"footnotes":""},"categories":[5,6,2],"tags":[24,74,23],"class_list":["post-26258","post","type-post","status-publish","format-standard","has-post-thumbnail","hentry","category-basketbol","category-erkek-basketbol","category-haberler","tag-basketbol","tag-euroleague","tag-fenerbahce"],"amp_enabled":true,"_links":{"self":[{"href":"https:\/\/www.fener.org\/index.php\/wp-json\/wp\/v2\/posts\/26258","targetHints":{"allow":["GET"]}}],"collection":[{"href":"https:\/\/www.fener.org\/index.php\/wp-json\/wp\/v2\/posts"}],"about":[{"href":"https:\/\/www.fener.org\/index.php\/wp-json\/wp\/v2\/types\/post"}],"author":[{"embeddable":true,"href":"https:\/\/www.fener.org\/index.php\/wp-json\/wp\/v2\/users\/1"}],"replies":[{"embeddable":true,"href":"https:\/\/www.fener.org\/index.php\/wp-json\/wp\/v2\/comments?post=26258"}],"version-history":[{"count":1,"href":"https:\/\/www.fener.org\/index.php\/wp-json\/wp\/v2\/posts\/26258\/revisions"}],"predecessor-version":[{"id":26259,"href":"https:\/\/www.fener.org\/index.php\/wp-json\/wp\/v2\/posts\/26258\/revisions\/26259"}],"wp:featuredmedia":[{"embeddable":true,"href":"https:\/\/www.fener.org\/index.php\/wp-json\/wp\/v2\/media\/26161"}],"wp:attachment":[{"href":"https:\/\/www.fener.org\/index.php\/wp-json\/wp\/v2\/media?parent=26258"}],"wp:term":[{"taxonomy":"category","embeddable":true,"href":"https:\/\/www.fener.org\/index.php\/wp-json\/wp\/v2\/categories?post=26258"},{"taxonomy":"post_tag","embeddable":true,"href":"https:\/\/www.fener.org\/index.php\/wp-json\/wp\/v2\/tags?post=26258"}],"curies":[{"name":"wp","href":"https:\/\/api.w.org\/{rel}","templated":true}]}}