{"id":26247,"date":"2024-11-27T20:26:05","date_gmt":"2024-11-27T17:26:05","guid":{"rendered":"https:\/\/www.fener.org\/?p=26247"},"modified":"2024-11-27T20:26:10","modified_gmt":"2024-11-27T17:26:10","slug":"fenerbahce-erkek-voleybol-takimimiz-kerem-eryilmaz-ile-yollari-ayirdi","status":"publish","type":"post","link":"https:\/\/www.fener.org\/index.php\/2024\/11\/27\/fenerbahce-erkek-voleybol-takimimiz-kerem-eryilmaz-ile-yollari-ayirdi\/","title":{"rendered":"Fenerbah\u00e7e Erkek Voleybol Tak\u0131m\u0131m\u0131z, Kerem Ery\u0131lmaz ile yollar\u0131 ay\u0131rd\u0131"},"content":{"rendered":"\n<p>Fenerbah\u00e7e Medicana Erkek Voleybol Tak\u0131m\u0131m\u0131z, Ba\u015fantren\u00f6r Kerem Ery\u0131lmaz\u2019\u0131n g\u00f6revinin sona erdi\u011fini duyurdu.<\/p>\n\n\n\n<p>2000\u2019li y\u0131llar\u0131n ba\u015f\u0131nda sar\u0131 lacivertli formam\u0131z\u0131 terleten ve uzun y\u0131llar \u015fubemizde yard\u0131mc\u0131 antren\u00f6r olarak g\u00f6rev alan Kerem Ery\u0131lmaz, son iki y\u0131ld\u0131r da tak\u0131m\u0131m\u0131zda ba\u015fantren\u00f6rl\u00fck g\u00f6revini \u00fcstlenmi\u015fti.<\/p>\n\n\n\n<p>Uzun y\u0131llard\u0131r kul\u00fcb\u00fcm\u00fcze hizmet eden Fenerbah\u00e7e Medicana Erkek Voleybol Tak\u0131m\u0131m\u0131z\u0131n Ba\u015fantren\u00f6r\u00fc Kerem Ery\u0131lmaz\u2019\u0131n g\u00f6revi sona ermi\u015ftir.<\/p>\n\n\n\n<blockquote class=\"wp-block-quote is-layout-flow wp-block-quote-is-layout-flow\">\n<p>2000\u2019li y\u0131llar\u0131n ba\u015f\u0131nda sar\u0131 lacivertli formam\u0131z\u0131 terleten ve uzun y\u0131llar \u015fubemizde yard\u0131mc\u0131 antren\u00f6r olarak g\u00f6rev alan Kerem Ery\u0131lmaz, son iki y\u0131ld\u0131r da tak\u0131m\u0131m\u0131zda ba\u015fantren\u00f6rl\u00fck g\u00f6revini \u00fcstlenmi\u015fti.<\/p>\n\n\n\n<p>\u00d6zverili, \u00e7al\u0131\u015fkan ve sayg\u0131n ki\u015fili\u011fiyle uzun y\u0131llar camiam\u0131za hizmet eden Kerem Ery\u0131lmaz\u2019a te\u015fekk\u00fcr eder, kariyerinin devam\u0131nda kendisine ba\u015far\u0131lar dileriz.<\/p>\n<\/blockquote>\n","protected":false},"excerpt":{"rendered":"<p>Fenerbah\u00e7e Medicana Erkek Voleybol Tak\u0131m\u0131m\u0131z, Ba\u015fantren\u00f6r Kerem Ery\u0131lmaz\u2019\u0131n g\u00f6revinin sona erdi\u011fini duyurdu. 2000\u2019li y\u0131llar\u0131n ba\u015f\u0131nda sar\u0131 lacivertli formam\u0131z\u0131 terleten ve uzun y\u0131llar \u015fubemizde yard\u0131mc\u0131 antren\u00f6r olarak g\u00f6rev alan Kerem Ery\u0131lmaz, son iki y\u0131ld\u0131r da tak\u0131m\u0131m\u0131zda ba\u015fantren\u00f6rl\u00fck g\u00f6revini \u00fcstlenmi\u015fti. Uzun y\u0131llard\u0131r kul\u00fcb\u00fcm\u00fcze hizmet eden Fenerbah\u00e7e Medicana Erkek Voleybol Tak\u0131m\u0131m\u0131z\u0131n Ba\u015fantren\u00f6r\u00fc Kerem Ery\u0131lmaz\u2019\u0131n g\u00f6revi sona ermi\u015ftir. 2000\u2019li [&hellip;]<\/p>\n","protected":false},"author":1,"featured_media":26248,"comment_status":"closed","ping_status":"closed","sticky":false,"template":"","format":"standard","meta":{"jnews-multi-image_gallery":[],"jnews_single_post":{"format":"standard","override":[{"template":"1","parallax":"1","fullscreen":"1","layout":"right-sidebar","sidebar":"mysidebar","second_sidebar":"default-sidebar","sticky_sidebar":"1","share_position":"float","share_float_style":"share-normal","show_share_counter":"1","show_view_counter":"1","show_featured":"1","show_post_meta":"1","show_post_author_image":"1","show_post_date":"1","post_date_format":"default","post_date_format_custom":"Y\/m\/d","show_post_reading_time":"0","post_reading_time_wpm":"300","post_calculate_word_method":"str_word_count","show_zoom_button":"0","zoom_button_out_step":"2","zoom_button_in_step":"3","show_prev_next_post":"1","number_popup_post":"3","show_author_box":"0","show_post_related":"0","show_inline_post_related":"0"}],"image_override":[{"single_post_thumbnail_size":"crop-500","single_post_gallery_size":"crop-500"}],"trending_post_position":"meta","trending_post_label":"Trending","sponsored_post_label":"Sponsored by","disable_ad":"0","subtitle":"Fenerbah\u00e7e Erkek Voleybol Tak\u0131m\u0131m\u0131z, Ba\u015fantren\u00f6r Kerem Ery\u0131lmaz ile yollar\u0131n ayr\u0131ld\u0131\u011f\u0131n\u0131 duyurdu."},"jnews_primary_category":{"hide":"8"},"jnews_social_meta":[],"jnews_override_counter":{"view_counter_number":"0","share_counter_number":"0","like_counter_number":"0","dislike_counter_number":"0"},"footnotes":""},"categories":[9,2,8],"tags":[23,29],"class_list":["post-26247","post","type-post","status-publish","format-standard","has-post-thumbnail","hentry","category-erkek-voleybol","category-haberler","category-voleybol","tag-fenerbahce","tag-voleybol"],"amp_enabled":true,"_links":{"self":[{"href":"https:\/\/www.fener.org\/index.php\/wp-json\/wp\/v2\/posts\/26247","targetHints":{"allow":["GET"]}}],"collection":[{"href":"https:\/\/www.fener.org\/index.php\/wp-json\/wp\/v2\/posts"}],"about":[{"href":"https:\/\/www.fener.org\/index.php\/wp-json\/wp\/v2\/types\/post"}],"author":[{"embeddable":true,"href":"https:\/\/www.fener.org\/index.php\/wp-json\/wp\/v2\/users\/1"}],"replies":[{"embeddable":true,"href":"https:\/\/www.fener.org\/index.php\/wp-json\/wp\/v2\/comments?post=26247"}],"version-history":[{"count":1,"href":"https:\/\/www.fener.org\/index.php\/wp-json\/wp\/v2\/posts\/26247\/revisions"}],"predecessor-version":[{"id":26249,"href":"https:\/\/www.fener.org\/index.php\/wp-json\/wp\/v2\/posts\/26247\/revisions\/26249"}],"wp:featuredmedia":[{"embeddable":true,"href":"https:\/\/www.fener.org\/index.php\/wp-json\/wp\/v2\/media\/26248"}],"wp:attachment":[{"href":"https:\/\/www.fener.org\/index.php\/wp-json\/wp\/v2\/media?parent=26247"}],"wp:term":[{"taxonomy":"category","embeddable":true,"href":"https:\/\/www.fener.org\/index.php\/wp-json\/wp\/v2\/categories?post=26247"},{"taxonomy":"post_tag","embeddable":true,"href":"https:\/\/www.fener.org\/index.php\/wp-json\/wp\/v2\/tags?post=26247"}],"curies":[{"name":"wp","href":"https:\/\/api.w.org\/{rel}","templated":true}]}}