{"id":26240,"date":"2024-11-27T14:00:06","date_gmt":"2024-11-27T11:00:06","guid":{"rendered":"https:\/\/www.fener.org\/?p=26240"},"modified":"2024-11-27T14:00:12","modified_gmt":"2024-11-27T11:00:12","slug":"fenerbahce-gaziantep-fk-macinin-hakemleri-belli-oldu-2","status":"publish","type":"post","link":"https:\/\/www.fener.org\/index.php\/2024\/11\/27\/fenerbahce-gaziantep-fk-macinin-hakemleri-belli-oldu-2\/","title":{"rendered":"Fenerbah\u00e7e &#8211; Gaziantep FK ma\u00e7\u0131n\u0131n hakemleri belli oldu"},"content":{"rendered":"\n<p>Trendyol S\u00fcper Lig \u015eamil Ekinci Sezonu&#8217;nun 14. hafta m\u00fcsabakalar\u0131nda g\u00f6rev yapacak olan hakemler a\u00e7\u0131kland\u0131.<\/p>\n\n\n\n<p>Buna g\u00f6re 2 Aral\u0131k Pazartesi ak\u015fam\u0131 \u00dclker Stadyumu Fenerbah\u00e7e \u015e\u00fckr\u00fc Saraco\u011flu Spor Kompleksi\u2019nde oynanacak Fenerbah\u00e7e-Gaziantep FK aras\u0131nda oynanacak ma\u00e7ta hakem&nbsp;Alper Akarsu d\u00fcd\u00fck \u00e7alacak. Akarsu\u2019nun yard\u0131mc\u0131l\u0131klar\u0131n\u0131 \u0130brahim Bozbey ile Bersan Duran yapacak. Kar\u015f\u0131la\u015fman\u0131n 4. hakemi ise Adnan Deniz Kayatepe. &nbsp;&nbsp;<\/p>\n","protected":false},"excerpt":{"rendered":"<p>Trendyol S\u00fcper Lig \u015eamil Ekinci Sezonu&#8217;nun 14. hafta m\u00fcsabakalar\u0131nda g\u00f6rev yapacak olan hakemler a\u00e7\u0131kland\u0131. Buna g\u00f6re 2 Aral\u0131k Pazartesi ak\u015fam\u0131 \u00dclker Stadyumu Fenerbah\u00e7e \u015e\u00fckr\u00fc Saraco\u011flu Spor Kompleksi\u2019nde oynanacak Fenerbah\u00e7e-Gaziantep FK aras\u0131nda oynanacak ma\u00e7ta hakem&nbsp;Alper Akarsu d\u00fcd\u00fck \u00e7alacak. Akarsu\u2019nun yard\u0131mc\u0131l\u0131klar\u0131n\u0131 \u0130brahim Bozbey ile Bersan Duran yapacak. Kar\u015f\u0131la\u015fman\u0131n 4. hakemi ise Adnan Deniz Kayatepe. &nbsp;&nbsp;<\/p>\n","protected":false},"author":1,"featured_media":26241,"comment_status":"closed","ping_status":"closed","sticky":false,"template":"","format":"standard","meta":{"jnews-multi-image_gallery":[],"jnews_single_post":{"format":"standard","override":[{"template":"1","parallax":"1","fullscreen":"1","layout":"right-sidebar","sidebar":"mysidebar","second_sidebar":"default-sidebar","sticky_sidebar":"1","share_position":"float","share_float_style":"share-normal","show_share_counter":"1","show_view_counter":"1","show_featured":"1","show_post_meta":"1","show_post_author_image":"1","show_post_date":"1","post_date_format":"default","post_date_format_custom":"Y\/m\/d","show_post_reading_time":"0","post_reading_time_wpm":"300","post_calculate_word_method":"str_word_count","show_zoom_button":"0","zoom_button_out_step":"2","zoom_button_in_step":"3","show_prev_next_post":"1","number_popup_post":"3","show_author_box":"0","show_post_related":"0","show_inline_post_related":"0"}],"image_override":[{"single_post_thumbnail_size":"crop-500","single_post_gallery_size":"crop-500"}],"trending_post_position":"meta","trending_post_label":"Trending","sponsored_post_label":"Sponsored by","disable_ad":"0","subtitle":"Fenerbah\u00e7emiz ile Gaziantep FK aras\u0131nda oynanacak ma\u00e7\u0131 hakem Alper Akarsu y\u00f6netecek."},"jnews_primary_category":{"id":"4"},"jnews_social_meta":[],"jnews_override_counter":{"view_counter_number":"0","share_counter_number":"0","like_counter_number":"0","dislike_counter_number":"0"},"footnotes":""},"categories":[4,2,47],"tags":[23,54],"class_list":["post-26240","post","type-post","status-publish","format-standard","has-post-thumbnail","hentry","category-futbol","category-haberler","category-profesyonel-a-futbol-takimi","tag-fenerbahce","tag-futbol"],"amp_enabled":true,"_links":{"self":[{"href":"https:\/\/www.fener.org\/index.php\/wp-json\/wp\/v2\/posts\/26240","targetHints":{"allow":["GET"]}}],"collection":[{"href":"https:\/\/www.fener.org\/index.php\/wp-json\/wp\/v2\/posts"}],"about":[{"href":"https:\/\/www.fener.org\/index.php\/wp-json\/wp\/v2\/types\/post"}],"author":[{"embeddable":true,"href":"https:\/\/www.fener.org\/index.php\/wp-json\/wp\/v2\/users\/1"}],"replies":[{"embeddable":true,"href":"https:\/\/www.fener.org\/index.php\/wp-json\/wp\/v2\/comments?post=26240"}],"version-history":[{"count":1,"href":"https:\/\/www.fener.org\/index.php\/wp-json\/wp\/v2\/posts\/26240\/revisions"}],"predecessor-version":[{"id":26242,"href":"https:\/\/www.fener.org\/index.php\/wp-json\/wp\/v2\/posts\/26240\/revisions\/26242"}],"wp:featuredmedia":[{"embeddable":true,"href":"https:\/\/www.fener.org\/index.php\/wp-json\/wp\/v2\/media\/26241"}],"wp:attachment":[{"href":"https:\/\/www.fener.org\/index.php\/wp-json\/wp\/v2\/media?parent=26240"}],"wp:term":[{"taxonomy":"category","embeddable":true,"href":"https:\/\/www.fener.org\/index.php\/wp-json\/wp\/v2\/categories?post=26240"},{"taxonomy":"post_tag","embeddable":true,"href":"https:\/\/www.fener.org\/index.php\/wp-json\/wp\/v2\/tags?post=26240"}],"curies":[{"name":"wp","href":"https:\/\/api.w.org\/{rel}","templated":true}]}}