{"id":26227,"date":"2024-11-25T13:19:57","date_gmt":"2024-11-25T10:19:57","guid":{"rendered":"https:\/\/www.fener.org\/?p=26227"},"modified":"2024-11-25T13:19:57","modified_gmt":"2024-11-25T10:19:57","slug":"fenerbahcede-slavia-prag-maci-hazirliklari-basladi-2","status":"publish","type":"post","link":"https:\/\/www.fener.org\/index.php\/2024\/11\/25\/fenerbahcede-slavia-prag-maci-hazirliklari-basladi-2\/","title":{"rendered":"Fenerbah\u00e7e&#8217;de Slavia Prag ma\u00e7\u0131 haz\u0131rl\u0131klar\u0131 ba\u015flad\u0131"},"content":{"rendered":"\n<p>Fenerbah\u00e7emiz, 28 Kas\u0131m Per\u015fembe g\u00fcn\u00fc Eden Arena\u2019da Slavia Prag ile oynayaca\u011f\u0131 UEFA Avrupa Ligi 5. hafta ma\u00e7\u0131n\u0131n haz\u0131rl\u0131klar\u0131na ba\u015flad\u0131.<\/p>\n\n\n\n<p>Teknik Direkt\u00f6r\u00fcm\u00fcz Jose Mourinho y\u00f6netiminde Fenerbah\u00e7e Can Bartu Tesisleri\u2019nde ger\u00e7ekle\u015ftirilen idman, salonda core \u00e7al\u0131\u015fmalar\u0131yla ba\u015flad\u0131. Ard\u0131ndan sahada iki grup halinde pas \u00e7al\u0131\u015fmalar\u0131 yapan futbolcular\u0131m\u0131z idman\u0131, dar alanda yap\u0131lan \u00e7ift kale ma\u00e7larla tamamlad\u0131. Bellona Kayserispor ile oynad\u0131\u011f\u0131m\u0131z kar\u015f\u0131la\u015fman\u0131n ilk 11\u2019inde g\u00f6rev alan oyuncular\u0131m\u0131z ise antrenman\u0131 rejenerasyon \u00e7al\u0131\u015fmas\u0131yla noktalad\u0131.<\/p>\n\n\n\n<p>Futbol A Tak\u0131m\u0131m\u0131z haz\u0131rl\u0131klar\u0131na yar\u0131n yapaca\u011f\u0131 antrenmanla devam edecek.<\/p>\n","protected":false},"excerpt":{"rendered":"<p>Fenerbah\u00e7emiz, 28 Kas\u0131m Per\u015fembe g\u00fcn\u00fc Eden Arena\u2019da Slavia Prag ile oynayaca\u011f\u0131 UEFA Avrupa Ligi 5. hafta ma\u00e7\u0131n\u0131n haz\u0131rl\u0131klar\u0131na ba\u015flad\u0131. Teknik Direkt\u00f6r\u00fcm\u00fcz Jose Mourinho y\u00f6netiminde Fenerbah\u00e7e Can Bartu Tesisleri\u2019nde ger\u00e7ekle\u015ftirilen idman, salonda core \u00e7al\u0131\u015fmalar\u0131yla ba\u015flad\u0131. Ard\u0131ndan sahada iki grup halinde pas \u00e7al\u0131\u015fmalar\u0131 yapan futbolcular\u0131m\u0131z idman\u0131, dar alanda yap\u0131lan \u00e7ift kale ma\u00e7larla tamamlad\u0131. Bellona Kayserispor ile oynad\u0131\u011f\u0131m\u0131z [&hellip;]<\/p>\n","protected":false},"author":1,"featured_media":26228,"comment_status":"closed","ping_status":"closed","sticky":false,"template":"","format":"standard","meta":{"jnews-multi-image_gallery":[],"jnews_single_post":{"format":"standard","override":[{"template":"1","parallax":"1","fullscreen":"1","layout":"right-sidebar","sidebar":"mysidebar","second_sidebar":"default-sidebar","sticky_sidebar":"1","share_position":"float","share_float_style":"share-normal","show_share_counter":"1","show_view_counter":"1","show_featured":"1","show_post_meta":"1","show_post_author_image":"1","show_post_date":"1","post_date_format":"default","post_date_format_custom":"Y\/m\/d","show_post_reading_time":"0","post_reading_time_wpm":"300","post_calculate_word_method":"str_word_count","show_zoom_button":"0","zoom_button_out_step":"2","zoom_button_in_step":"3","show_prev_next_post":"1","number_popup_post":"3","show_author_box":"0","show_post_related":"0","show_inline_post_related":"0"}],"image_override":[{"single_post_thumbnail_size":"crop-500","single_post_gallery_size":"crop-500"}],"trending_post_position":"meta","trending_post_label":"Trending","sponsored_post_label":"Sponsored by","disable_ad":"0","subtitle":"Fenerbah\u00e7e, UEFA Avrupa Ligi 5. haftas\u0131nda deplasmanda Slavia Prag ile oynayaca\u011f\u0131 ma\u00e7\u0131n haz\u0131rl\u0131klar\u0131na bug\u00fcn yap\u0131lan antrenmanla ba\u015flad\u0131."},"jnews_primary_category":{"id":"4"},"jnews_social_meta":[],"jnews_override_counter":{"view_counter_number":"0","share_counter_number":"0","like_counter_number":"0","dislike_counter_number":"0"},"footnotes":""},"categories":[4,2,47],"tags":[23,54],"class_list":["post-26227","post","type-post","status-publish","format-standard","has-post-thumbnail","hentry","category-futbol","category-haberler","category-profesyonel-a-futbol-takimi","tag-fenerbahce","tag-futbol"],"amp_enabled":true,"_links":{"self":[{"href":"https:\/\/www.fener.org\/index.php\/wp-json\/wp\/v2\/posts\/26227","targetHints":{"allow":["GET"]}}],"collection":[{"href":"https:\/\/www.fener.org\/index.php\/wp-json\/wp\/v2\/posts"}],"about":[{"href":"https:\/\/www.fener.org\/index.php\/wp-json\/wp\/v2\/types\/post"}],"author":[{"embeddable":true,"href":"https:\/\/www.fener.org\/index.php\/wp-json\/wp\/v2\/users\/1"}],"replies":[{"embeddable":true,"href":"https:\/\/www.fener.org\/index.php\/wp-json\/wp\/v2\/comments?post=26227"}],"version-history":[{"count":2,"href":"https:\/\/www.fener.org\/index.php\/wp-json\/wp\/v2\/posts\/26227\/revisions"}],"predecessor-version":[{"id":26230,"href":"https:\/\/www.fener.org\/index.php\/wp-json\/wp\/v2\/posts\/26227\/revisions\/26230"}],"wp:featuredmedia":[{"embeddable":true,"href":"https:\/\/www.fener.org\/index.php\/wp-json\/wp\/v2\/media\/26228"}],"wp:attachment":[{"href":"https:\/\/www.fener.org\/index.php\/wp-json\/wp\/v2\/media?parent=26227"}],"wp:term":[{"taxonomy":"category","embeddable":true,"href":"https:\/\/www.fener.org\/index.php\/wp-json\/wp\/v2\/categories?post=26227"},{"taxonomy":"post_tag","embeddable":true,"href":"https:\/\/www.fener.org\/index.php\/wp-json\/wp\/v2\/tags?post=26227"}],"curies":[{"name":"wp","href":"https:\/\/api.w.org\/{rel}","templated":true}]}}