{"id":26223,"date":"2024-11-24T22:32:07","date_gmt":"2024-11-24T19:32:07","guid":{"rendered":"https:\/\/www.fener.org\/?p=26223"},"modified":"2024-11-24T22:32:11","modified_gmt":"2024-11-24T19:32:11","slug":"u16-kasimpasa-1-3-fenerbahce","status":"publish","type":"post","link":"https:\/\/www.fener.org\/index.php\/2024\/11\/24\/u16-kasimpasa-1-3-fenerbahce\/","title":{"rendered":"U16: Kas\u0131mpa\u015fa 1-3 Fenerbah\u00e7e"},"content":{"rendered":"\n<p>U16 Tak\u0131m\u0131m\u0131z, ligin yedinci haftas\u0131nda konuk oldu\u011fu Kas\u0131mpa\u015fa\u2019y\u0131 3-1 ma\u011flup etti. Kas\u0131mpa\u015fa Kemerburgaz Tesisleri\u2019nde oynanan ma\u00e7ta gollerimizi 10. dakikada Ya\u011f\u0131z Bedirhan Korkmaz, 40. dakikada G\u00fcner Ekici ve 74. dakikada Kerem G\u00fcnd\u00fcz kaydetti.<\/p>\n\n\n\n<p>16 Ya\u015f Alt\u0131 Futbol Tak\u0131m\u0131m\u0131z, sekizinci hafta ma\u00e7\u0131nda Kocaelispor\u2019u konuk edecek. 1 Aral\u0131k Pazar g\u00fcn\u00fc Fenerbah\u00e7e Derea\u011fz\u0131 Lefter K\u00fc\u00e7\u00fckandonyadis Tesislerimizde oynanacak ma\u00e7 saat 15.00\u2019te ba\u015flayacak.<\/p>\n\n\n\n<p><\/p>\n","protected":false},"excerpt":{"rendered":"<p>U16 Tak\u0131m\u0131m\u0131z, ligin yedinci haftas\u0131nda konuk oldu\u011fu Kas\u0131mpa\u015fa\u2019y\u0131 3-1 ma\u011flup etti. Kas\u0131mpa\u015fa Kemerburgaz Tesisleri\u2019nde oynanan ma\u00e7ta gollerimizi 10. dakikada Ya\u011f\u0131z Bedirhan Korkmaz, 40. dakikada G\u00fcner Ekici ve 74. dakikada Kerem G\u00fcnd\u00fcz kaydetti. 16 Ya\u015f Alt\u0131 Futbol Tak\u0131m\u0131m\u0131z, sekizinci hafta ma\u00e7\u0131nda Kocaelispor\u2019u konuk edecek. 1 Aral\u0131k Pazar g\u00fcn\u00fc Fenerbah\u00e7e Derea\u011fz\u0131 Lefter K\u00fc\u00e7\u00fckandonyadis Tesislerimizde oynanacak ma\u00e7 saat [&hellip;]<\/p>\n","protected":false},"author":1,"featured_media":1278,"comment_status":"closed","ping_status":"closed","sticky":false,"template":"","format":"standard","meta":{"jnews-multi-image_gallery":[],"jnews_single_post":{"format":"standard","override":[{"template":"1","parallax":"1","fullscreen":"1","layout":"right-sidebar","sidebar":"mysidebar","second_sidebar":"default-sidebar","sticky_sidebar":"1","share_position":"float","share_float_style":"share-normal","show_share_counter":"1","show_view_counter":"1","show_featured":"1","show_post_meta":"1","show_post_author_image":"1","show_post_date":"1","post_date_format":"default","post_date_format_custom":"Y\/m\/d","show_post_reading_time":"0","post_reading_time_wpm":"300","post_calculate_word_method":"str_word_count","show_zoom_button":"0","zoom_button_out_step":"2","zoom_button_in_step":"3","show_prev_next_post":"1","number_popup_post":"3","show_author_box":"0","show_post_related":"0","show_inline_post_related":"0"}],"image_override":[{"single_post_thumbnail_size":"crop-500","single_post_gallery_size":"crop-500"}],"trending_post_position":"meta","trending_post_label":"Trending","sponsored_post_label":"Sponsored by","disable_ad":"0"},"jnews_primary_category":{"id":"4"},"jnews_social_meta":[],"jnews_override_counter":{"view_counter_number":"0","share_counter_number":"0","like_counter_number":"0","dislike_counter_number":"0"},"footnotes":""},"categories":[4,17,2],"tags":[23,54],"class_list":["post-26223","post","type-post","status-publish","format-standard","has-post-thumbnail","hentry","category-futbol","category-futbol-altyapi","category-haberler","tag-fenerbahce","tag-futbol"],"amp_enabled":true,"_links":{"self":[{"href":"https:\/\/www.fener.org\/index.php\/wp-json\/wp\/v2\/posts\/26223","targetHints":{"allow":["GET"]}}],"collection":[{"href":"https:\/\/www.fener.org\/index.php\/wp-json\/wp\/v2\/posts"}],"about":[{"href":"https:\/\/www.fener.org\/index.php\/wp-json\/wp\/v2\/types\/post"}],"author":[{"embeddable":true,"href":"https:\/\/www.fener.org\/index.php\/wp-json\/wp\/v2\/users\/1"}],"replies":[{"embeddable":true,"href":"https:\/\/www.fener.org\/index.php\/wp-json\/wp\/v2\/comments?post=26223"}],"version-history":[{"count":1,"href":"https:\/\/www.fener.org\/index.php\/wp-json\/wp\/v2\/posts\/26223\/revisions"}],"predecessor-version":[{"id":26224,"href":"https:\/\/www.fener.org\/index.php\/wp-json\/wp\/v2\/posts\/26223\/revisions\/26224"}],"wp:featuredmedia":[{"embeddable":true,"href":"https:\/\/www.fener.org\/index.php\/wp-json\/wp\/v2\/media\/1278"}],"wp:attachment":[{"href":"https:\/\/www.fener.org\/index.php\/wp-json\/wp\/v2\/media?parent=26223"}],"wp:term":[{"taxonomy":"category","embeddable":true,"href":"https:\/\/www.fener.org\/index.php\/wp-json\/wp\/v2\/categories?post=26223"},{"taxonomy":"post_tag","embeddable":true,"href":"https:\/\/www.fener.org\/index.php\/wp-json\/wp\/v2\/tags?post=26223"}],"curies":[{"name":"wp","href":"https:\/\/api.w.org\/{rel}","templated":true}]}}