{"id":26208,"date":"2024-11-23T19:52:41","date_gmt":"2024-11-23T16:52:41","guid":{"rendered":"https:\/\/www.fener.org\/?p=26208"},"modified":"2024-11-23T19:52:47","modified_gmt":"2024-11-23T16:52:47","slug":"jose-mourinho-iyi-bir-galibiyet-olarak-bakiyorum","status":"publish","type":"post","link":"https:\/\/www.fener.org\/index.php\/2024\/11\/23\/jose-mourinho-iyi-bir-galibiyet-olarak-bakiyorum\/","title":{"rendered":"Jose Mourinho: \u0130yi bir galibiyet olarak bak\u0131yorum"},"content":{"rendered":"\n<p>Teknik Direkt\u00f6r\u00fcm\u00fcz Jose Mourinho, Bellona Kayserispor\u2019u 6-2 yendi\u011fimiz ma\u00e7\u0131 de\u011ferlendirdi\u011fi a\u00e7\u0131klamalar\u0131nda \u015funlar\u0131 s\u00f6yledi:<\/p>\n\n\n\n<blockquote class=\"wp-block-quote is-layout-flow wp-block-quote-is-layout-flow\">\n<p>\u201cHakl\u0131lar asl\u0131nda tam olarak dikkatli ve tedbirli olmak diye bakm\u0131yorum \u00e7\u00fcnk\u00fc bu \u015fu anlama gelebilir: \u2018\u00d6ndeyseniz savunma yap\u0131n\u2019 anlam\u0131 \u00e7\u0131kabilir ama ben bu fikirde de\u011filim. Farkl\u0131 fikirdeyim. Ben her zaman \u00f6ndeyken de iyi ve ciddi oynamaya ve goller atmaya devam etmekten yanay\u0131m. Goller yedik, bunlar\u0131n sebebi yapm\u0131\u015f oldu\u011fumuz top kay\u0131plar\u0131yd\u0131 \u00e7\u00fcnk\u00fc oyun i\u00e7erisinde bir periyot vard\u0131 ki konsantrasyonumuz daha d\u00fc\u015f\u00fckt\u00fc. Oyun kurulumunda top kay\u0131plar\u0131 yapt\u0131k. Kornerden k\u00f6t\u00fc bir gol yedik ama topla tak\u0131m ilk dakikadan itibaren ger\u00e7ekten harikayd\u0131. Bug\u00fcn 6 gol att\u0131k ama 10 gol de atabilirdik. Dolay\u0131s\u0131yla iyi bir galibiyet olarak bak\u0131yorum \u00e7\u00fcnk\u00fc iyi oynayan ve pozitif sonu\u00e7lar alan bir tak\u0131ma kar\u015f\u0131 bu galibiyeti ald\u0131k. Onlar\u0131n bu ma\u00e7a haz\u0131rlanmalar\u0131 i\u00e7in yakla\u015f\u0131k iki haftalar\u0131 vard\u0131 bizim ise sadece iki g\u00fcn\u00fcm\u00fcz. Dolay\u0131s\u0131yla iyi bir galibiyet olarak de\u011ferlendiriyorum.<\/p>\n\n\n\n<p>Asl\u0131nda bu onlar\u0131n sorumluluklar\u0131 ve haklar\u0131n\u0131 teslim etmek gerekiyor. \u00c7ok iyi idman yap\u0131yorlar. Bizler onlara iyi idmanlar haz\u0131rl\u0131yoruz ama onlar da idmanlarda \u00e7ok \u00e7ok iyi \u015fekilde \u00e7al\u0131\u015f\u0131yorlar. Zenit ma\u00e7\u0131nda baz\u0131 oyuncular bu sezon bir ma\u00e7 bile oynamam\u0131\u015flard\u0131 ama ger\u00e7ekten \u00e7ok iyi performans sergileyip \u015fiddeti y\u00fcksek oyun sergilediler.\u00a0 Haklar\u0131n\u0131 teslim etmek gerekiyor. \u0130yi \u00e7al\u0131\u015f\u0131yorlar evet bazen oynatamad\u0131\u011f\u0131m oyuncular i\u00e7in \u00fczg\u00fcn hissediyorum ama oynad\u0131klar\u0131 zaman sahada en iyi \u015fekilde cevab\u0131 veriyorlar. Sadece bahsedilen oyuncular de\u011fil. Bug\u00fcn Cenk Tosun, Becao kul\u00fcbedeydi. Hepsi \u00e7ok iyi \u00e7al\u0131\u015f\u0131yorlar asl\u0131nda \u00e7ok \u00e7al\u0131\u015fmak bizler i\u00e7in inan\u00e7 gibi. Bizim inanc\u0131m\u0131z bu. Oyuncular her zaman haz\u0131rlar ayn\u0131 zamanda \u0130rfan Can Kahveci\u2019ye te\u015fekk\u00fcr etmek istiyorum. Haz\u0131r de\u011fildi ama bana \u015funu dedi: \u2018Beni g\u00f6t\u00fcr\u00fcn. Kul\u00fcbede olay\u0131m. Gerekmesi durumunda 10-15 dakika risk alabilirim.\u2019 Buna ihtiyac\u0131m\u0131z olmad\u0131 ama ona tak\u0131ma yard\u0131m etmek i\u00e7in g\u00f6sterdi\u011fi tutkudan dolay\u0131 te\u015fekk\u00fcr ediyorum.\u201d<\/p>\n<\/blockquote>\n","protected":false},"excerpt":{"rendered":"<p>Teknik Direkt\u00f6r\u00fcm\u00fcz Jose Mourinho, Bellona Kayserispor\u2019u 6-2 yendi\u011fimiz ma\u00e7\u0131 de\u011ferlendirdi\u011fi a\u00e7\u0131klamalar\u0131nda \u015funlar\u0131 s\u00f6yledi: \u201cHakl\u0131lar asl\u0131nda tam olarak dikkatli ve tedbirli olmak diye bakm\u0131yorum \u00e7\u00fcnk\u00fc bu \u015fu anlama gelebilir: \u2018\u00d6ndeyseniz savunma yap\u0131n\u2019 anlam\u0131 \u00e7\u0131kabilir ama ben bu fikirde de\u011filim. Farkl\u0131 fikirdeyim. Ben her zaman \u00f6ndeyken de iyi ve ciddi oynamaya ve goller atmaya devam etmekten yanay\u0131m. [&hellip;]<\/p>\n","protected":false},"author":1,"featured_media":26209,"comment_status":"closed","ping_status":"closed","sticky":false,"template":"","format":"standard","meta":{"jnews-multi-image_gallery":[],"jnews_single_post":{"format":"standard","override":[{"template":"1","parallax":"1","fullscreen":"1","layout":"right-sidebar","sidebar":"mysidebar","second_sidebar":"default-sidebar","sticky_sidebar":"1","share_position":"float","share_float_style":"share-normal","show_share_counter":"1","show_view_counter":"1","show_featured":"1","show_post_meta":"1","show_post_author_image":"1","show_post_date":"1","post_date_format":"default","post_date_format_custom":"Y\/m\/d","show_post_reading_time":"0","post_reading_time_wpm":"300","post_calculate_word_method":"str_word_count","show_zoom_button":"0","zoom_button_out_step":"2","zoom_button_in_step":"3","show_prev_next_post":"1","number_popup_post":"3","show_author_box":"0","show_post_related":"0","show_inline_post_related":"0"}],"image_override":[{"single_post_thumbnail_size":"crop-500","single_post_gallery_size":"crop-500"}],"trending_post_position":"meta","trending_post_label":"Trending","sponsored_post_label":"Sponsored by","disable_ad":"0","subtitle":"Teknik Direkt\u00f6r\u00fcm\u00fcz Jose Mourinho, S\u00fcper Lig'de 13. hafta m\u00fccadelesinde deplasmanda Kayserispor'u ma\u011flup etti\u011fi ma\u00e7\u0131n ard\u0131ndan de\u011ferlendirmelerde bulundu."},"jnews_primary_category":{"id":"4"},"jnews_social_meta":[],"jnews_override_counter":{"view_counter_number":"0","share_counter_number":"0","like_counter_number":"0","dislike_counter_number":"0"},"footnotes":""},"categories":[4,2,47],"tags":[23,54],"class_list":["post-26208","post","type-post","status-publish","format-standard","has-post-thumbnail","hentry","category-futbol","category-haberler","category-profesyonel-a-futbol-takimi","tag-fenerbahce","tag-futbol"],"amp_enabled":true,"_links":{"self":[{"href":"https:\/\/www.fener.org\/index.php\/wp-json\/wp\/v2\/posts\/26208","targetHints":{"allow":["GET"]}}],"collection":[{"href":"https:\/\/www.fener.org\/index.php\/wp-json\/wp\/v2\/posts"}],"about":[{"href":"https:\/\/www.fener.org\/index.php\/wp-json\/wp\/v2\/types\/post"}],"author":[{"embeddable":true,"href":"https:\/\/www.fener.org\/index.php\/wp-json\/wp\/v2\/users\/1"}],"replies":[{"embeddable":true,"href":"https:\/\/www.fener.org\/index.php\/wp-json\/wp\/v2\/comments?post=26208"}],"version-history":[{"count":1,"href":"https:\/\/www.fener.org\/index.php\/wp-json\/wp\/v2\/posts\/26208\/revisions"}],"predecessor-version":[{"id":26210,"href":"https:\/\/www.fener.org\/index.php\/wp-json\/wp\/v2\/posts\/26208\/revisions\/26210"}],"wp:featuredmedia":[{"embeddable":true,"href":"https:\/\/www.fener.org\/index.php\/wp-json\/wp\/v2\/media\/26209"}],"wp:attachment":[{"href":"https:\/\/www.fener.org\/index.php\/wp-json\/wp\/v2\/media?parent=26208"}],"wp:term":[{"taxonomy":"category","embeddable":true,"href":"https:\/\/www.fener.org\/index.php\/wp-json\/wp\/v2\/categories?post=26208"},{"taxonomy":"post_tag","embeddable":true,"href":"https:\/\/www.fener.org\/index.php\/wp-json\/wp\/v2\/tags?post=26208"}],"curies":[{"name":"wp","href":"https:\/\/api.w.org\/{rel}","templated":true}]}}