{"id":26204,"date":"2024-11-23T18:15:16","date_gmt":"2024-11-23T15:15:16","guid":{"rendered":"https:\/\/www.fener.org\/?p=26204"},"modified":"2024-11-23T19:45:04","modified_gmt":"2024-11-23T16:45:04","slug":"bellona-kayserispor-2-6-fenerbahce","status":"publish","type":"post","link":"https:\/\/www.fener.org\/index.php\/2024\/11\/23\/bellona-kayserispor-2-6-fenerbahce\/","title":{"rendered":"Bellona Kayserispor 2-6 Fenerbah\u00e7e"},"content":{"rendered":"\n<p>Fenerbah\u00e7emiz, Trendyol S\u00fcper Lig \u015eamil Ekinci Sezonu 13. hafta ma\u00e7\u0131nda konuk oldu\u011fu Bellona Kayserispor\u2019u 2-6 ma\u011flup etti ve puan\u0131n\u0131 29\u2019a y\u00fckseltti.<\/p>\n\n\n\n<p>RHG Enert\u00fcrk Enerji Stadyumu\u2019nda oynanan kar\u015f\u0131la\u015fmada Tak\u0131m\u0131m\u0131za galibiyeti getiren golleri; 7. dakikada Dusan Tadic, 15 ve 26. dakikalarda O\u011fuz Ayd\u0131n, 64. dakikada Youssef En-Nesyri, 85. dakikada Filip Kostic, 88. dakikada da Sebastian Szymanski kaydetti.<\/p>\n\n\n\n<p>Futbol A Tak\u0131m\u0131m\u0131z, UEFA Avrupa Ligi\u2019nin 5. haftas\u0131nda 28 Kas\u0131m Per\u015fembe g\u00fcn\u00fc Slavia Prag ile deplasmanda kar\u015f\u0131la\u015facak.<\/p>\n\n\n<p><strong>Ma\u00e7tan dakikalar:<\/strong><br \/>\u00a0<br \/>5. dakikada Mert Hakan Yanda\u015f&#8217;\u0131n pas\u0131 ile ceza sahas\u0131na giren Kostic, G\u00f6khan Sazda\u011f\u0131&#8217;n\u0131n m\u00fcdahalesi sonras\u0131 yerde kald\u0131. Ma\u00e7\u0131n hakemi penalt\u0131 noktas\u0131n\u0131 g\u00f6sterdi. 7. dakikada Tadic&#8217;in kulland\u0131\u011f\u0131 penalt\u0131 at\u0131\u015f\u0131nda top a\u011flarla bulu\u015ftu: 0-1.<br \/>\u00a0<br \/>14. dakikada Cardoso&#8217;nun sol kanattan ceza sahas\u0131na ortas\u0131na Bahoken&#8217;in kafa vuru\u015funda top, kale dire\u011finin \u00fcst\u00fcnden auta \u00e7\u0131kt\u0131.<br \/>\u00a0<br \/>15. dakikada Fenerbah\u00e7e fark\u0131 2&#8217;ye \u00e7\u0131kard\u0131. Fred&#8217;in pas\u0131yla ceza sahas\u0131na giren O\u011fuz Ayd\u0131n&#8217;\u0131n vuru\u015funda, top a\u011flara gitti: 0-2.<br \/>\u00a0<br \/>23. dakikada ceza sahas\u0131 d\u0131\u015f\u0131nda topla bulu\u015fan Fred&#8217;in yerden sert \u015futunda kaleci Bilal Bayazit, topu kornere \u00e7eldi.<br \/>\u00a0<br \/>26. dakikada Fenerbah\u00e7e fark\u0131 3&#8217;e \u00e7\u0131kard\u0131. Sa\u011f kanattan Mert Hakan Yanda\u015f&#8217;\u0131n ceza sahas\u0131na pas\u0131nda topla bulu\u015fan O\u011fuz Ayd\u0131n, tak\u0131m\u0131n\u0131 3-0 \u00f6ne ge\u00e7iren gol\u00fc kaydetti.<br \/>\u00a0<br \/>41. dakikada ceza sahas\u0131nda Tadic ile pasla\u015fan Mert Hakan Yanda\u015f&#8217;\u0131n sert \u015futunda kaleci Bilal Bayazit, topu kornere g\u00f6nderdi.<br \/>\u00a0<br \/>43. dakikada Bellona Kayserispor fark\u0131 2&#8217;ye indirdi. Cardoso&#8217;nun sa\u011f kanattan ceza sahas\u0131na ortas\u0131na Djiku&#8217;nun ters vuru\u015funda top kaleci Livakovic&#8217;in \u00fcst\u00fcnden a\u011flara gitti: 1-3.<br \/>\u00a0<br \/>56. dakikada Bellona Kayserispor fark\u0131 1&#8217;e indirdi. Kartal Kayra Y\u0131lmaz&#8217;\u0131n sol kanattan kulland\u0131\u011f\u0131 korner at\u0131\u015f\u0131nda Kolovetsios&#8217;un ceza alan\u0131nda kafa vuru\u015funda me\u015fin yuvarlak a\u011flara gitti: 2-3.<br \/>\u00a0<br \/>60. dakikada ceza sahas\u0131nda topla bulu\u015fan Morte&#8217;nin vuru\u015funda topu kaleci Livakovic \u00e7eldi.<br \/>\u00a0<br \/>63. dakikada Tadic&#8217;in pas\u0131nda kaleci Bilal Bayazit ile kar\u015f\u0131 kar\u015f\u0131ya pozisyonda En-Nesyri&#8217;nin vuru\u015funda, me\u015fin yuvarlak a\u011flara gitti: 2-4.<br \/>\u00a0<br \/>66. dakikada kaleci Bilal Bayazit ile kar\u015f\u0131 kar\u015f\u0131ya kalan Dzeko&#8217;nun vuru\u015funda, top kalecide kald\u0131.<br \/>\u00a0<br \/>76. dakikada Cardoso&#8217;nun ceza sahas\u0131 d\u0131\u015f\u0131ndan \u015futunda, top kale dire\u011finin yan\u0131ndan auta gitti.<br \/>\u00a0<br \/>85. dakikada Mert M\u00fcld\u00fcr&#8217;\u00fcn sa\u011f kanattan ceza sahas\u0131na ortas\u0131nda arka dire\u011fe seken topla bulu\u015fan Kostic, fark\u0131 3&#8217;e \u00e7\u0131kard\u0131: 2-5.<br \/>\u00a0<br \/>88. dakikada Fenerbah\u00e7e&#8217;nin 6&#8217;nc\u0131 g\u00f6l\u00fc geldi. Sol kanattan ceza sahas\u0131na giren O\u011fuz Ayd\u0131n&#8217;\u0131n pas\u0131nda Szymanski, topu bo\u015f kaleye g\u00f6nderdi: 2-6.<br \/>\u00a0<br \/>90+4&#8217;\u00fcnc\u00fc dakikada Dzeko&#8217;nun orta sahadan kaleye \u00e7ekti\u011fi \u015futta me\u015fin yuvarlak yan dire\u011fe \u00e7arparak taca \u00e7\u0131kt\u0131.<br \/>\u00a0<br \/>Ma\u00e7 Fenerbah\u00e7emizin 6-2 \u00fcst\u00fcnl\u00fc\u011f\u00fc ile tamamland\u0131.<\/p>\n\n\n<p><\/p>\n","protected":false},"excerpt":{"rendered":"<p>Fenerbah\u00e7emiz, Trendyol S\u00fcper Lig \u015eamil Ekinci Sezonu 13. hafta ma\u00e7\u0131nda konuk oldu\u011fu Bellona Kayserispor\u2019u 2-6 ma\u011flup etti ve puan\u0131n\u0131 29\u2019a y\u00fckseltti. RHG Enert\u00fcrk Enerji Stadyumu\u2019nda oynanan kar\u015f\u0131la\u015fmada Tak\u0131m\u0131m\u0131za galibiyeti getiren golleri; 7. dakikada Dusan Tadic, 15 ve 26. dakikalarda O\u011fuz Ayd\u0131n, 64. dakikada Youssef En-Nesyri, 85. dakikada Filip Kostic, 88. dakikada da Sebastian Szymanski kaydetti. [&hellip;]<\/p>\n","protected":false},"author":1,"featured_media":26205,"comment_status":"closed","ping_status":"closed","sticky":false,"template":"","format":"standard","meta":{"jnews-multi-image_gallery":[],"jnews_single_post":{"format":"standard","override":[{"template":"1","parallax":"1","fullscreen":"1","layout":"right-sidebar","sidebar":"mysidebar","second_sidebar":"default-sidebar","sticky_sidebar":"1","share_position":"float","share_float_style":"share-normal","show_share_counter":"1","show_view_counter":"1","show_featured":"1","show_post_meta":"1","show_post_author_image":"1","show_post_date":"1","post_date_format":"default","post_date_format_custom":"Y\/m\/d","show_post_reading_time":"0","post_reading_time_wpm":"300","post_calculate_word_method":"str_word_count","show_zoom_button":"0","zoom_button_out_step":"2","zoom_button_in_step":"3","show_prev_next_post":"1","number_popup_post":"3","show_author_box":"0","show_post_related":"0","show_inline_post_related":"0"}],"image_override":[{"single_post_thumbnail_size":"crop-500","single_post_gallery_size":"crop-500"}],"trending_post_position":"meta","trending_post_label":"Trending","sponsored_post_label":"Sponsored by","disable_ad":"0","subtitle":"Fenerbah\u00e7e, S\u00fcper Lig'in 13. hafta ma\u00e7\u0131nda deplasmanda kar\u015f\u0131la\u015ft\u0131\u011f\u0131 Kayserispor\u2019u 2-6 ma\u011flup etti."},"jnews_primary_category":{"id":"4"},"jnews_social_meta":[],"jnews_override_counter":{"view_counter_number":"0","share_counter_number":"0","like_counter_number":"0","dislike_counter_number":"0"},"footnotes":""},"categories":[4,2,47],"tags":[23,54],"class_list":["post-26204","post","type-post","status-publish","format-standard","has-post-thumbnail","hentry","category-futbol","category-haberler","category-profesyonel-a-futbol-takimi","tag-fenerbahce","tag-futbol"],"amp_enabled":true,"_links":{"self":[{"href":"https:\/\/www.fener.org\/index.php\/wp-json\/wp\/v2\/posts\/26204","targetHints":{"allow":["GET"]}}],"collection":[{"href":"https:\/\/www.fener.org\/index.php\/wp-json\/wp\/v2\/posts"}],"about":[{"href":"https:\/\/www.fener.org\/index.php\/wp-json\/wp\/v2\/types\/post"}],"author":[{"embeddable":true,"href":"https:\/\/www.fener.org\/index.php\/wp-json\/wp\/v2\/users\/1"}],"replies":[{"embeddable":true,"href":"https:\/\/www.fener.org\/index.php\/wp-json\/wp\/v2\/comments?post=26204"}],"version-history":[{"count":2,"href":"https:\/\/www.fener.org\/index.php\/wp-json\/wp\/v2\/posts\/26204\/revisions"}],"predecessor-version":[{"id":26207,"href":"https:\/\/www.fener.org\/index.php\/wp-json\/wp\/v2\/posts\/26204\/revisions\/26207"}],"wp:featuredmedia":[{"embeddable":true,"href":"https:\/\/www.fener.org\/index.php\/wp-json\/wp\/v2\/media\/26205"}],"wp:attachment":[{"href":"https:\/\/www.fener.org\/index.php\/wp-json\/wp\/v2\/media?parent=26204"}],"wp:term":[{"taxonomy":"category","embeddable":true,"href":"https:\/\/www.fener.org\/index.php\/wp-json\/wp\/v2\/categories?post=26204"},{"taxonomy":"post_tag","embeddable":true,"href":"https:\/\/www.fener.org\/index.php\/wp-json\/wp\/v2\/tags?post=26204"}],"curies":[{"name":"wp","href":"https:\/\/api.w.org\/{rel}","templated":true}]}}