{"id":26196,"date":"2024-11-22T23:11:16","date_gmt":"2024-11-22T20:11:16","guid":{"rendered":"https:\/\/www.fener.org\/?p=26196"},"modified":"2024-11-22T23:11:23","modified_gmt":"2024-11-22T20:11:23","slug":"fenerbahce-bellona-kayserispora-konuk-oluyor","status":"publish","type":"post","link":"https:\/\/www.fener.org\/index.php\/2024\/11\/22\/fenerbahce-bellona-kayserispora-konuk-oluyor\/","title":{"rendered":"Fenerbah\u00e7e, Bellona Kayserispor\u2019a konuk oluyor"},"content":{"rendered":"\n<p>Fenerbah\u00e7emiz, Trendyol S\u00fcper Lig \u015eamil Ekinci Sezonu\u2019nun 13. haftas\u0131nda Bellona Kayserispor\u2019a konuk olacak. 23 Kas\u0131m Cumartesi g\u00fcn\u00fc (yar\u0131n) saat 16.00&#8217;da RHG Enert\u00fcrk Enerji Stadyumu\u2019nda oynanacak m\u00fccadele beIN SPORTS\u2019dan ekranlara gelecek.<\/p>\n\n\n\n<p>Kar\u015f\u0131la\u015fmay\u0131 Diren\u00e7 Tonusluo\u011flu y\u00f6netecek. Tonusluo\u011flu\u2019nun yard\u0131mc\u0131l\u0131klar\u0131n\u0131 Samet \u00c7i\u00e7ek ve Murat Altan yapacak. M\u00fccadelenin d\u00f6rd\u00fcnc\u00fc hakemi ise Erdem Merto\u011flu.<\/p>\n\n\n\n<p>11 ma\u00e7ta 8 galibiyet, 2 beraberlik, 1 ma\u011flubiyet sonucu 26 puan toplayan Fenerbah\u00e7emiz, 2. s\u0131rada yer al\u0131yor.<\/p>\n\n\n\n<p>Bellona Kayserispor ise 12 puanla haftaya 15. s\u0131rada girdi.<\/p>\n\n\n\n<p>Rakibiyle ligde daha \u00f6nce 46 kez kar\u015f\u0131la\u015fan Futbol Tak\u0131m\u0131m\u0131z, 29 galibiyet, 9 beraberlik ve 8 ma\u011flubiyet ya\u015fad\u0131.<\/p>\n\n\n\n<p>S\u00fcper Lig&#8217;de \u00e7\u0131kt\u0131\u011f\u0131 son 25 deplasman ma\u00e7\u0131n\u0131 kaybetmeyerek kul\u00fcp tarihinin en uzun serisini yakalayan Fenerbah\u00e7emiz, \u0130stanbul\u2019a galibiyetle d\u00f6nmeyi hedefliyor.<\/p>\n","protected":false},"excerpt":{"rendered":"<p>Fenerbah\u00e7emiz, Trendyol S\u00fcper Lig \u015eamil Ekinci Sezonu\u2019nun 13. haftas\u0131nda Bellona Kayserispor\u2019a konuk olacak. 23 Kas\u0131m Cumartesi g\u00fcn\u00fc (yar\u0131n) saat 16.00&#8217;da RHG Enert\u00fcrk Enerji Stadyumu\u2019nda oynanacak m\u00fccadele beIN SPORTS\u2019dan ekranlara gelecek. Kar\u015f\u0131la\u015fmay\u0131 Diren\u00e7 Tonusluo\u011flu y\u00f6netecek. Tonusluo\u011flu\u2019nun yard\u0131mc\u0131l\u0131klar\u0131n\u0131 Samet \u00c7i\u00e7ek ve Murat Altan yapacak. M\u00fccadelenin d\u00f6rd\u00fcnc\u00fc hakemi ise Erdem Merto\u011flu. 11 ma\u00e7ta 8 galibiyet, 2 beraberlik, 1 [&hellip;]<\/p>\n","protected":false},"author":1,"featured_media":25995,"comment_status":"closed","ping_status":"closed","sticky":false,"template":"","format":"standard","meta":{"jnews-multi-image_gallery":[],"jnews_single_post":{"format":"standard","override":[{"template":"1","parallax":"1","fullscreen":"1","layout":"right-sidebar","sidebar":"mysidebar","second_sidebar":"default-sidebar","sticky_sidebar":"1","share_position":"float","share_float_style":"share-normal","show_share_counter":"1","show_view_counter":"1","show_featured":"1","show_post_meta":"1","show_post_author_image":"1","show_post_date":"1","post_date_format":"default","post_date_format_custom":"Y\/m\/d","show_post_reading_time":"0","post_reading_time_wpm":"300","post_calculate_word_method":"str_word_count","show_zoom_button":"0","zoom_button_out_step":"2","zoom_button_in_step":"3","show_prev_next_post":"1","number_popup_post":"3","show_author_box":"0","show_post_related":"0","show_inline_post_related":"0"}],"image_override":[{"single_post_thumbnail_size":"crop-500","single_post_gallery_size":"crop-500"}],"trending_post_position":"meta","trending_post_label":"Trending","sponsored_post_label":"Sponsored by","disable_ad":"0","subtitle":"Fenerbah\u00e7e, S\u00fcper Lig'in 13. haftas\u0131nda deplasmanda Kayserispor ile kar\u015f\u0131la\u015f\u0131yor."},"jnews_primary_category":[],"jnews_social_meta":[],"jnews_override_counter":{"view_counter_number":"0","share_counter_number":"0","like_counter_number":"0","dislike_counter_number":"0"},"footnotes":""},"categories":[4,2,47],"tags":[23,54],"class_list":["post-26196","post","type-post","status-publish","format-standard","has-post-thumbnail","hentry","category-futbol","category-haberler","category-profesyonel-a-futbol-takimi","tag-fenerbahce","tag-futbol"],"amp_enabled":true,"_links":{"self":[{"href":"https:\/\/www.fener.org\/index.php\/wp-json\/wp\/v2\/posts\/26196","targetHints":{"allow":["GET"]}}],"collection":[{"href":"https:\/\/www.fener.org\/index.php\/wp-json\/wp\/v2\/posts"}],"about":[{"href":"https:\/\/www.fener.org\/index.php\/wp-json\/wp\/v2\/types\/post"}],"author":[{"embeddable":true,"href":"https:\/\/www.fener.org\/index.php\/wp-json\/wp\/v2\/users\/1"}],"replies":[{"embeddable":true,"href":"https:\/\/www.fener.org\/index.php\/wp-json\/wp\/v2\/comments?post=26196"}],"version-history":[{"count":1,"href":"https:\/\/www.fener.org\/index.php\/wp-json\/wp\/v2\/posts\/26196\/revisions"}],"predecessor-version":[{"id":26197,"href":"https:\/\/www.fener.org\/index.php\/wp-json\/wp\/v2\/posts\/26196\/revisions\/26197"}],"wp:featuredmedia":[{"embeddable":true,"href":"https:\/\/www.fener.org\/index.php\/wp-json\/wp\/v2\/media\/25995"}],"wp:attachment":[{"href":"https:\/\/www.fener.org\/index.php\/wp-json\/wp\/v2\/media?parent=26196"}],"wp:term":[{"taxonomy":"category","embeddable":true,"href":"https:\/\/www.fener.org\/index.php\/wp-json\/wp\/v2\/categories?post=26196"},{"taxonomy":"post_tag","embeddable":true,"href":"https:\/\/www.fener.org\/index.php\/wp-json\/wp\/v2\/tags?post=26196"}],"curies":[{"name":"wp","href":"https:\/\/api.w.org\/{rel}","templated":true}]}}