{"id":26183,"date":"2024-11-21T07:54:51","date_gmt":"2024-11-21T04:54:51","guid":{"rendered":"https:\/\/www.fener.org\/?p=26183"},"modified":"2024-11-21T07:54:51","modified_gmt":"2024-11-21T04:54:51","slug":"sarunas-jasikevicius-iyi-degildik-hatalarimiz-vardi","status":"publish","type":"post","link":"https:\/\/www.fener.org\/index.php\/2024\/11\/21\/sarunas-jasikevicius-iyi-degildik-hatalarimiz-vardi\/","title":{"rendered":"Sarunas Jasikevicius: \u0130yi de\u011fildik, hatalar\u0131m\u0131z vard\u0131"},"content":{"rendered":"\n<p>Ba\u015fantren\u00f6r\u00fcm\u00fcz Sarunas Jasikevicius, Tak\u0131m\u0131m\u0131z\u0131n, Virtus Segafredo Bologna\u2019y\u0131 deplasmanda oynanan m\u00fccadelede 86-82 ma\u011flup etti\u011fi ma\u00e7\u0131n ard\u0131ndan Fenerbah\u00e7e TV\u2019ye de\u011ferlendirdi.<\/p>\n\n\n\n<p>Jasikevicius \u015funlar\u0131 s\u00f6yledi:<\/p>\n\n\n\n<blockquote class=\"wp-block-quote is-layout-flow wp-block-quote-is-layout-flow\">\n<p>\u201cYalan s\u00f6ylemeyece\u011fiz tabii ki, yapmam\u0131z gereken bir\u00e7ok \u015feyi yapmad\u0131k. \u0130nan\u0131lmaz geri d\u00f6n\u00fc\u015f ve galibiyetten sonra performansla ilgili k\u00f6t\u00fc konu\u015fmak ger\u00e7ekten zor ama ger\u00e7ek\u00e7i de olmam\u0131z gerekiyor. \u0130yi de\u011fildik, hatalar\u0131m\u0131z vard\u0131. Ama karakter g\u00f6sterdiler. \u00d6zellikle Marko ve Nigel\u2019\u0131n at\u0131\u015flar\u0131. Bologna\u2019y\u0131 orada \u015fa\u015f\u0131rtt\u0131k. Ma\u00e7, sonunda iki tarafa da gidebilirdi, \u015fansl\u0131y\u0131z ki bizim tarafa geldi.\u201d<\/p>\n<\/blockquote>\n","protected":false},"excerpt":{"rendered":"<p>Ba\u015fantren\u00f6r\u00fcm\u00fcz Sarunas Jasikevicius, Tak\u0131m\u0131m\u0131z\u0131n, Virtus Segafredo Bologna\u2019y\u0131 deplasmanda oynanan m\u00fccadelede 86-82 ma\u011flup etti\u011fi ma\u00e7\u0131n ard\u0131ndan Fenerbah\u00e7e TV\u2019ye de\u011ferlendirdi. Jasikevicius \u015funlar\u0131 s\u00f6yledi: \u201cYalan s\u00f6ylemeyece\u011fiz tabii ki, yapmam\u0131z gereken bir\u00e7ok \u015feyi yapmad\u0131k. \u0130nan\u0131lmaz geri d\u00f6n\u00fc\u015f ve galibiyetten sonra performansla ilgili k\u00f6t\u00fc konu\u015fmak ger\u00e7ekten zor ama ger\u00e7ek\u00e7i de olmam\u0131z gerekiyor. \u0130yi de\u011fildik, hatalar\u0131m\u0131z vard\u0131. Ama karakter g\u00f6sterdiler. \u00d6zellikle [&hellip;]<\/p>\n","protected":false},"author":1,"featured_media":25999,"comment_status":"closed","ping_status":"closed","sticky":false,"template":"","format":"standard","meta":{"jnews-multi-image_gallery":[],"jnews_single_post":{"subtitle":"Fenerbah\u00e7e Erkek Basketbol Tak\u0131m\u0131m\u0131z\u0131n Ba\u015fantren\u00f6r\u00fc Sarunas Jasikevicius, Virtus Segafredo Bologna\u2019y\u0131 ma\u011flup etti\u011fimiz ma\u00e7\u0131n ard\u0131ndan a\u00e7\u0131klamalarda bulundu.","format":"standard","video":"","gallery":"","source_name":"","source_url":"","via_name":"","via_url":"","override_template":"0","override":[{"template":"1","single_blog_custom":"","parallax":"1","fullscreen":"1","layout":"right-sidebar","sidebar":"mysidebar","second_sidebar":"default-sidebar","sticky_sidebar":"1","share_position":"float","share_float_style":"share-normal","show_share_counter":"1","show_view_counter":"1","show_featured":"1","show_post_meta":"1","show_post_author":"0","show_post_author_image":"1","show_post_date":"1","post_date_format":"default","post_date_format_custom":"Y\/m\/d","show_post_category":"0","show_post_reading_time":"0","post_reading_time_wpm":"300","show_zoom_button":"0","zoom_button_out_step":"2","zoom_button_in_step":"3","show_post_tag":"0","show_prev_next_post":"1","show_popup_post":"0","number_popup_post":"3","show_author_box":"0","show_post_related":"0","show_inline_post_related":"0"}],"override_image_size":"0","image_override":[{"single_post_thumbnail_size":"crop-500","single_post_gallery_size":"crop-500"}],"trending_post":"0","trending_post_position":"meta","trending_post_label":"Trending","sponsored_post":"0","sponsored_post_label":"Sponsored by","sponsored_post_name":"","sponsored_post_url":"","sponsored_post_logo_enable":"0","sponsored_post_logo":"","sponsored_post_desc":"","disable_ad":"0"},"jnews_primary_category":{"id":"5","hide":""},"jnews_social_meta":{"fb_title":"","fb_description":"","fb_image":"","twitter_title":"","twitter_description":"","twitter_image":""},"jnews_override_counter":{"override_view_counter":"0","view_counter_number":"0","override_share_counter":"0","share_counter_number":"0","override_like_counter":"0","like_counter_number":"0","override_dislike_counter":"0","dislike_counter_number":"0"},"footnotes":""},"categories":[5,6,2],"tags":[24,74,23],"class_list":["post-26183","post","type-post","status-publish","format-standard","has-post-thumbnail","hentry","category-basketbol","category-erkek-basketbol","category-haberler","tag-basketbol","tag-euroleague","tag-fenerbahce"],"amp_enabled":true,"_links":{"self":[{"href":"https:\/\/www.fener.org\/index.php\/wp-json\/wp\/v2\/posts\/26183","targetHints":{"allow":["GET"]}}],"collection":[{"href":"https:\/\/www.fener.org\/index.php\/wp-json\/wp\/v2\/posts"}],"about":[{"href":"https:\/\/www.fener.org\/index.php\/wp-json\/wp\/v2\/types\/post"}],"author":[{"embeddable":true,"href":"https:\/\/www.fener.org\/index.php\/wp-json\/wp\/v2\/users\/1"}],"replies":[{"embeddable":true,"href":"https:\/\/www.fener.org\/index.php\/wp-json\/wp\/v2\/comments?post=26183"}],"version-history":[{"count":2,"href":"https:\/\/www.fener.org\/index.php\/wp-json\/wp\/v2\/posts\/26183\/revisions"}],"predecessor-version":[{"id":26185,"href":"https:\/\/www.fener.org\/index.php\/wp-json\/wp\/v2\/posts\/26183\/revisions\/26185"}],"wp:featuredmedia":[{"embeddable":true,"href":"https:\/\/www.fener.org\/index.php\/wp-json\/wp\/v2\/media\/25999"}],"wp:attachment":[{"href":"https:\/\/www.fener.org\/index.php\/wp-json\/wp\/v2\/media?parent=26183"}],"wp:term":[{"taxonomy":"category","embeddable":true,"href":"https:\/\/www.fener.org\/index.php\/wp-json\/wp\/v2\/categories?post=26183"},{"taxonomy":"post_tag","embeddable":true,"href":"https:\/\/www.fener.org\/index.php\/wp-json\/wp\/v2\/tags?post=26183"}],"curies":[{"name":"wp","href":"https:\/\/api.w.org\/{rel}","templated":true}]}}