{"id":26172,"date":"2024-11-20T21:38:21","date_gmt":"2024-11-20T18:38:21","guid":{"rendered":"https:\/\/www.fener.org\/?p=26172"},"modified":"2024-11-20T21:38:28","modified_gmt":"2024-11-20T18:38:28","slug":"fenerbahce-medicana-0-3-mint-vero-volley-monza","status":"publish","type":"post","link":"https:\/\/www.fener.org\/index.php\/2024\/11\/20\/fenerbahce-medicana-0-3-mint-vero-volley-monza\/","title":{"rendered":"Fenerbah\u00e7e Medicana 0-3 Mint Vero Volley Monza"},"content":{"rendered":"\n<p>Fenerbah\u00e7e Medicana Erkek Voleybol Tak\u0131m\u0131m\u0131z, CEV Erkekler \u015eampiyonlar Ligi\u2019nde B Grubu ikinci hafta ma\u00e7\u0131nda \u0130talyan ekibi Mint Vero Volley Monza\u2019y\u0131 konuk etti. Kar\u015f\u0131la\u015fma 3-0 konuk ekip lehine sonu\u00e7land\u0131. Kar\u015f\u0131la\u015fman\u0131n setleri: 23-25, 20-25, 23-25 tamamland\u0131.<br>\u00a0<br>Yi\u011fit G\u00fclmezo\u011flu ile Denis Oleg Karyag\u0131n, kaydettikleri 10\u2019ar say\u0131 ile \u00e7ift hanelerde say\u0131 \u00fcreten oyuncular\u0131m\u0131z oldular.<br>\u00a0<br>Fenerbah\u00e7e Medicana, Burhan Felek Vestel Voleybol Salonu\u2019nda oynanan kar\u015f\u0131la\u015fmaya; Kaan G\u00fcrb\u00fcz, Osman \u00c7a\u011fatay Durmaz, Denis Oleg Karyag\u0131n, Fabian Drzyzga, Yi\u011fit G\u00fclmezo\u011flu, Ahmet Samet Baltac\u0131 alt\u0131s\u0131 ile liberolar Caner Dengin ve Burak G\u00fcng\u00f6r ile ba\u015flad\u0131.<br>\u00a0<br>Kar\u015f\u0131l\u0131kl\u0131 say\u0131larla ba\u015flayan m\u00fcsabakada 3 say\u0131l\u0131k fark yakalayan Tak\u0131m\u0131m\u0131z, rakibine mola ald\u0131rd\u0131: 8-5. Mola d\u00f6n\u00fc\u015f\u00fc skor avantaj\u0131n\u0131 yitiren Tak\u0131m\u0131m\u0131z, ilk seti 23-25 kaybetti. \u0130kinci sette istedi\u011fi oyunu sergileyemeyen Fenerbah\u00e7e Medicana, bu seti ise 20-25 geride tamamlad\u0131. 5 say\u0131 geri d\u00fc\u015ft\u00fc\u011f\u00fc (7-12) \u00fc\u00e7\u00fcnc\u00fc sette Yi\u011fit G\u00fclmezo\u011flu\u2019nun etkili h\u00fccumlar\u0131 ve servisleriyle fark\u0131 1 say\u0131ya kadar indiren (17-18) Tak\u0131m\u0131m\u0131z, son b\u00f6l\u00fcmde avantaj\u0131 eline ge\u00e7iremedi ve seti 23-25, ma\u00e7\u0131 da 0-3 kaybetti.<\/p>\n","protected":false},"excerpt":{"rendered":"<p>Fenerbah\u00e7e Medicana Erkek Voleybol Tak\u0131m\u0131m\u0131z, CEV Erkekler \u015eampiyonlar Ligi\u2019nde B Grubu ikinci hafta ma\u00e7\u0131nda \u0130talyan ekibi Mint Vero Volley Monza\u2019y\u0131 konuk etti. Kar\u015f\u0131la\u015fma 3-0 konuk ekip lehine sonu\u00e7land\u0131. Kar\u015f\u0131la\u015fman\u0131n setleri: 23-25, 20-25, 23-25 tamamland\u0131.\u00a0Yi\u011fit G\u00fclmezo\u011flu ile Denis Oleg Karyag\u0131n, kaydettikleri 10\u2019ar say\u0131 ile \u00e7ift hanelerde say\u0131 \u00fcreten oyuncular\u0131m\u0131z oldular.\u00a0Fenerbah\u00e7e Medicana, Burhan Felek Vestel Voleybol Salonu\u2019nda [&hellip;]<\/p>\n","protected":false},"author":1,"featured_media":26173,"comment_status":"closed","ping_status":"closed","sticky":false,"template":"","format":"standard","meta":{"jnews-multi-image_gallery":[],"jnews_single_post":{"subtitle":"Fenerbah\u00e7e Erkek Voleybol Tak\u0131m\u0131m\u0131z, CEV Erkekler \u015eampiyonlar Ligi\u2019nde B Grubu ikinci hafta ma\u00e7\u0131nda sahas\u0131nda Mint Vero Volley Monza ile oynad\u0131\u011f\u0131 m\u00fccadeleden 3-0 ma\u011flup ayr\u0131ld\u0131.","format":"standard","video":"","gallery":"","source_name":"","source_url":"","via_name":"","via_url":"","override_template":"0","override":[{"template":"1","single_blog_custom":"","parallax":"1","fullscreen":"1","layout":"right-sidebar","sidebar":"mysidebar","second_sidebar":"default-sidebar","sticky_sidebar":"1","share_position":"float","share_float_style":"share-normal","show_share_counter":"1","show_view_counter":"1","show_featured":"1","show_post_meta":"1","show_post_author":"0","show_post_author_image":"1","show_post_date":"1","post_date_format":"default","post_date_format_custom":"Y\/m\/d","show_post_category":"0","show_post_reading_time":"0","post_reading_time_wpm":"300","show_zoom_button":"0","zoom_button_out_step":"2","zoom_button_in_step":"3","show_post_tag":"0","show_prev_next_post":"1","show_popup_post":"0","number_popup_post":"3","show_author_box":"0","show_post_related":"0","show_inline_post_related":"0"}],"override_image_size":"0","image_override":[{"single_post_thumbnail_size":"crop-500","single_post_gallery_size":"crop-500"}],"trending_post":"0","trending_post_position":"meta","trending_post_label":"Trending","sponsored_post":"0","sponsored_post_label":"Sponsored by","sponsored_post_name":"","sponsored_post_url":"","sponsored_post_logo_enable":"0","sponsored_post_logo":"","sponsored_post_desc":"","disable_ad":"0"},"jnews_primary_category":{"id":"8","hide":""},"jnews_social_meta":{"fb_title":"","fb_description":"","fb_image":"","twitter_title":"","twitter_description":"","twitter_image":""},"jnews_override_counter":{"override_view_counter":"0","view_counter_number":"0","override_share_counter":"0","share_counter_number":"0","override_like_counter":"0","like_counter_number":"0","override_dislike_counter":"0","dislike_counter_number":"0"},"footnotes":""},"categories":[9,2,8],"tags":[23,29],"class_list":["post-26172","post","type-post","status-publish","format-standard","has-post-thumbnail","hentry","category-erkek-voleybol","category-haberler","category-voleybol","tag-fenerbahce","tag-voleybol"],"amp_enabled":true,"_links":{"self":[{"href":"https:\/\/www.fener.org\/index.php\/wp-json\/wp\/v2\/posts\/26172","targetHints":{"allow":["GET"]}}],"collection":[{"href":"https:\/\/www.fener.org\/index.php\/wp-json\/wp\/v2\/posts"}],"about":[{"href":"https:\/\/www.fener.org\/index.php\/wp-json\/wp\/v2\/types\/post"}],"author":[{"embeddable":true,"href":"https:\/\/www.fener.org\/index.php\/wp-json\/wp\/v2\/users\/1"}],"replies":[{"embeddable":true,"href":"https:\/\/www.fener.org\/index.php\/wp-json\/wp\/v2\/comments?post=26172"}],"version-history":[{"count":2,"href":"https:\/\/www.fener.org\/index.php\/wp-json\/wp\/v2\/posts\/26172\/revisions"}],"predecessor-version":[{"id":26175,"href":"https:\/\/www.fener.org\/index.php\/wp-json\/wp\/v2\/posts\/26172\/revisions\/26175"}],"wp:featuredmedia":[{"embeddable":true,"href":"https:\/\/www.fener.org\/index.php\/wp-json\/wp\/v2\/media\/26173"}],"wp:attachment":[{"href":"https:\/\/www.fener.org\/index.php\/wp-json\/wp\/v2\/media?parent=26172"}],"wp:term":[{"taxonomy":"category","embeddable":true,"href":"https:\/\/www.fener.org\/index.php\/wp-json\/wp\/v2\/categories?post=26172"},{"taxonomy":"post_tag","embeddable":true,"href":"https:\/\/www.fener.org\/index.php\/wp-json\/wp\/v2\/tags?post=26172"}],"curies":[{"name":"wp","href":"https:\/\/api.w.org\/{rel}","templated":true}]}}