{"id":26156,"date":"2024-11-17T22:57:00","date_gmt":"2024-11-17T19:57:00","guid":{"rendered":"https:\/\/www.fener.org\/?p=26156"},"modified":"2024-11-18T07:52:43","modified_gmt":"2024-11-18T04:52:43","slug":"sarunas-jasikevicius-harika-bir-performans-oldu","status":"publish","type":"post","link":"https:\/\/www.fener.org\/index.php\/2024\/11\/17\/sarunas-jasikevicius-harika-bir-performans-oldu\/","title":{"rendered":"Sarunas Jasikevicius: Harika bir performans oldu"},"content":{"rendered":"\n<p>Fenerbah\u00e7e Beko Erkek Basketbol Tak\u0131m\u0131m\u0131z\u0131n Ba\u015fantren\u00f6r\u00fc Sarunas Jasikevicius, T\u00fcrkiye Sigorta Basketbol S\u00fcper Ligi yedinci hafta ma\u00e7\u0131nda Anadolu Efes\u2019i 86-72 ma\u011flup etti\u011fimiz ma\u00e7\u0131n ard\u0131ndan Fenerbah\u00e7e Televizyonu\u2019na yapt\u0131\u011f\u0131 a\u00e7\u0131klamalarda \u015funlar\u0131 s\u00f6yledi:<\/p>\n\n\n\n<blockquote class=\"wp-block-quote is-layout-flow wp-block-quote-is-layout-flow\">\n<p>\u201cHarika bir performans oldu, \u00f6zellikle bir\u00e7ok oyuncudan verim ald\u0131k. Yeni eklenenleri entegre etmek zor oluyor bizim i\u00e7in ama her ma\u00e7ta daha fazla oyuncunun katk\u0131da bulundu\u011funu g\u00f6r\u00fcyoruz. Sistemi daha iyi anl\u0131yorlar bu \u015fekilde devam etmemiz gerekiyor. Ayn\u0131 d\u00fczeyde, d\u00fczenli olarak devam etmemiz gerekiyor. Bu da sistemi en iyi \u015fekilde anlad\u0131\u011f\u0131m\u0131z zaman oluyor. B\u00f6yle bir kul\u00fcpte oynad\u0131\u011f\u0131n\u0131z zaman enerji, efor ve ba\u011fl\u0131l\u0131\u011f\u0131n hep y\u00fcksek olmas\u0131 laz\u0131m. Oyuncular a\u00e7\u0131s\u0131ndan taraftarlar\u0131n enerjisini hissetmek \u00e7ok \u00f6nemli \u00e7\u00fcnk\u00fc 9 g\u00fcnde 5 ma\u00e7 oynad\u0131k, \u00e7ok yorgunlar.\u201d<\/p>\n<\/blockquote>\n","protected":false},"excerpt":{"rendered":"<p>Fenerbah\u00e7e Beko Erkek Basketbol Tak\u0131m\u0131m\u0131z\u0131n Ba\u015fantren\u00f6r\u00fc Sarunas Jasikevicius, T\u00fcrkiye Sigorta Basketbol S\u00fcper Ligi yedinci hafta ma\u00e7\u0131nda Anadolu Efes\u2019i 86-72 ma\u011flup etti\u011fimiz ma\u00e7\u0131n ard\u0131ndan Fenerbah\u00e7e Televizyonu\u2019na yapt\u0131\u011f\u0131 a\u00e7\u0131klamalarda \u015funlar\u0131 s\u00f6yledi: \u201cHarika bir performans oldu, \u00f6zellikle bir\u00e7ok oyuncudan verim ald\u0131k. Yeni eklenenleri entegre etmek zor oluyor bizim i\u00e7in ama her ma\u00e7ta daha fazla oyuncunun katk\u0131da bulundu\u011funu g\u00f6r\u00fcyoruz. [&hellip;]<\/p>\n","protected":false},"author":1,"featured_media":26157,"comment_status":"closed","ping_status":"closed","sticky":false,"template":"","format":"standard","meta":{"jnews-multi-image_gallery":[],"jnews_single_post":{"subtitle":"Ba\u015fantren\u00f6r\u00fcm\u00fcz Sarunas Jasikevicius, Basketbol S\u00fcper Ligi yedinci ma\u00e7\u0131nda Anadolu Efes\u2019i ma\u011flup etti\u011fimiz ma\u00e7\u0131n ard\u0131ndan Fenerbah\u00e7e Televizyonu\u2019na a\u00e7\u0131klamalarda bulundu.","format":"standard","video":"","gallery":"","source_name":"","source_url":"","via_name":"","via_url":"","override_template":"0","override":[{"template":"1","single_blog_custom":"","parallax":"1","fullscreen":"1","layout":"right-sidebar","sidebar":"mysidebar","second_sidebar":"default-sidebar","sticky_sidebar":"1","share_position":"float","share_float_style":"share-normal","show_share_counter":"1","show_view_counter":"1","show_featured":"1","show_post_meta":"1","show_post_author":"0","show_post_author_image":"1","show_post_date":"1","post_date_format":"default","post_date_format_custom":"Y\/m\/d","show_post_category":"0","show_post_reading_time":"0","post_reading_time_wpm":"300","show_zoom_button":"0","zoom_button_out_step":"2","zoom_button_in_step":"3","show_post_tag":"0","show_prev_next_post":"1","show_popup_post":"0","number_popup_post":"3","show_author_box":"0","show_post_related":"0","show_inline_post_related":"0"}],"override_image_size":"0","image_override":[{"single_post_thumbnail_size":"crop-500","single_post_gallery_size":"crop-500"}],"trending_post":"0","trending_post_position":"meta","trending_post_label":"Trending","sponsored_post":"0","sponsored_post_label":"Sponsored by","sponsored_post_name":"","sponsored_post_url":"","sponsored_post_logo_enable":"0","sponsored_post_logo":"","sponsored_post_desc":"","disable_ad":"0"},"jnews_primary_category":{"id":"","hide":""},"jnews_social_meta":{"fb_title":"","fb_description":"","fb_image":"","twitter_title":"","twitter_description":"","twitter_image":""},"jnews_override_counter":{"override_view_counter":"0","view_counter_number":"0","override_share_counter":"0","share_counter_number":"0","override_like_counter":"0","like_counter_number":"0","override_dislike_counter":"0","dislike_counter_number":"0"},"footnotes":""},"categories":[5,6,2],"tags":[24,23],"class_list":["post-26156","post","type-post","status-publish","format-standard","has-post-thumbnail","hentry","category-basketbol","category-erkek-basketbol","category-haberler","tag-basketbol","tag-fenerbahce"],"amp_enabled":true,"_links":{"self":[{"href":"https:\/\/www.fener.org\/index.php\/wp-json\/wp\/v2\/posts\/26156","targetHints":{"allow":["GET"]}}],"collection":[{"href":"https:\/\/www.fener.org\/index.php\/wp-json\/wp\/v2\/posts"}],"about":[{"href":"https:\/\/www.fener.org\/index.php\/wp-json\/wp\/v2\/types\/post"}],"author":[{"embeddable":true,"href":"https:\/\/www.fener.org\/index.php\/wp-json\/wp\/v2\/users\/1"}],"replies":[{"embeddable":true,"href":"https:\/\/www.fener.org\/index.php\/wp-json\/wp\/v2\/comments?post=26156"}],"version-history":[{"count":2,"href":"https:\/\/www.fener.org\/index.php\/wp-json\/wp\/v2\/posts\/26156\/revisions"}],"predecessor-version":[{"id":26159,"href":"https:\/\/www.fener.org\/index.php\/wp-json\/wp\/v2\/posts\/26156\/revisions\/26159"}],"wp:featuredmedia":[{"embeddable":true,"href":"https:\/\/www.fener.org\/index.php\/wp-json\/wp\/v2\/media\/26157"}],"wp:attachment":[{"href":"https:\/\/www.fener.org\/index.php\/wp-json\/wp\/v2\/media?parent=26156"}],"wp:term":[{"taxonomy":"category","embeddable":true,"href":"https:\/\/www.fener.org\/index.php\/wp-json\/wp\/v2\/categories?post=26156"},{"taxonomy":"post_tag","embeddable":true,"href":"https:\/\/www.fener.org\/index.php\/wp-json\/wp\/v2\/tags?post=26156"}],"curies":[{"name":"wp","href":"https:\/\/api.w.org\/{rel}","templated":true}]}}