{"id":26148,"date":"2024-11-17T21:30:01","date_gmt":"2024-11-17T18:30:01","guid":{"rendered":"https:\/\/www.fener.org\/?p=26148"},"modified":"2024-11-17T21:30:01","modified_gmt":"2024-11-17T18:30:01","slug":"fenerbahce-medicana-3-0-tursad-sk","status":"publish","type":"post","link":"https:\/\/www.fener.org\/index.php\/2024\/11\/17\/fenerbahce-medicana-3-0-tursad-sk\/","title":{"rendered":"Fenerbah\u00e7e Medicana 3-0 T\u00fcr\u015fad SK"},"content":{"rendered":"\n<p>Fenerbah\u00e7e Medicana Erkek Voleybol Tak\u0131m\u0131m\u0131z, SMS Grup Efeler Ligi 8. hafta ma\u00e7\u0131nda T\u00fcr\u015fad SK\u2019y\u0131 konuk etti. Burhan Felek Vestel Voleybol Salonu\u2019nda oynanan ma\u00e7\u0131 Ekibimiz, 25-12, 25-17, 25-19 setlerle 3-0 kazand\u0131.<\/p>\n\n\n\n<p>Kaan G\u00fcrb\u00fcz kaydetti\u011fi 22\u00a0say\u0131yla ma\u00e7\u0131n skoreri oldu. Yi\u011fit G\u00fclmezo\u011flu 18, Denis Karyagin\u00a0da 10\u00a0say\u0131yla galibiyete \u00f6nemli katk\u0131 verdi.<br><br>Denis Oleg Karyagin, Kaan G\u00fcrb\u00fcz, Osman \u00c7a\u011fatay Durmaz, Fabian Drzyzga, Yi\u011fit G\u00fclmezo\u011flu, Ahmet Samet Baltac\u0131 alt\u0131s\u0131 ve liberolar Caner Dengin-Burak G\u00fcng\u00f6r ile ma\u00e7a ba\u015flayan Fenerbah\u00e7e Medicana, Yi\u011fit G\u00fclmezo\u011flu ve Kaan G\u00fcrb\u00fcz\u2019\u00fcn etkili h\u00fccum performanslar\u0131yla rakibine \u00fcst\u00fcnl\u00fck kurarak ilk seti 25-12 \u00f6nde bitirdi ve 1-0 \u00f6ne ge\u00e7ti. \u0130kinci sette de rakibinin servis hatalar\u0131n\u0131 iyi de\u011ferlendiren ekibimiz, 21-14 \u00f6ne ge\u00e7erek rakibine mola ald\u0131rd\u0131. Mola d\u00f6n\u00fc\u015f\u00fc oyun ve skor \u00fcst\u00fcnl\u00fc\u011f\u00fcn\u00fc s\u00fcrd\u00fcren Tak\u0131m\u0131m\u0131z seti 25-17&#8217;i kazanarak 2-0 \u00f6ne ge\u00e7ti. \u0130yi oyununu \u00fc\u00e7\u00fcnc\u00fc sette de s\u00fcrd\u00fcren tak\u0131m\u0131m\u0131z, Yi\u011fit G\u00fclmezo\u011flu\u2019nun servis say\u0131lar\u0131yla seti 25-19 kazand\u0131 ve ma\u00e7tan 3-0 galip ayr\u0131ld\u0131.<br><br>Fenerbah\u00e7e Medicana, CEV \u015eampiyonlar Ligi\u2019nin ikinci haftas\u0131nda Mint Vero Volley\u2019i konuk edecek. 20 Kas\u0131m \u00c7ar\u015famba g\u00fcn\u00fc Burhan Felek Vestel Voleybol Salonu\u2019nda oynanacak kar\u015f\u0131la\u015fma saat 19.00\u2019da ba\u015flayacak.<\/p>\n","protected":false},"excerpt":{"rendered":"<p>Fenerbah\u00e7e Medicana Erkek Voleybol Tak\u0131m\u0131m\u0131z, SMS Grup Efeler Ligi 8. hafta ma\u00e7\u0131nda T\u00fcr\u015fad SK\u2019y\u0131 konuk etti. Burhan Felek Vestel Voleybol Salonu\u2019nda oynanan ma\u00e7\u0131 Ekibimiz, 25-12, 25-17, 25-19 setlerle 3-0 kazand\u0131. Kaan G\u00fcrb\u00fcz kaydetti\u011fi 22\u00a0say\u0131yla ma\u00e7\u0131n skoreri oldu. Yi\u011fit G\u00fclmezo\u011flu 18, Denis Karyagin\u00a0da 10\u00a0say\u0131yla galibiyete \u00f6nemli katk\u0131 verdi. Denis Oleg Karyagin, Kaan G\u00fcrb\u00fcz, Osman \u00c7a\u011fatay Durmaz, [&hellip;]<\/p>\n","protected":false},"author":1,"featured_media":26149,"comment_status":"closed","ping_status":"closed","sticky":false,"template":"","format":"standard","meta":{"jnews-multi-image_gallery":[],"jnews_single_post":{"subtitle":"Fenerbah\u00e7e Erkek Voleybol Tak\u0131m\u0131m\u0131z, Efeler Ligi 8. hafta ma\u00e7\u0131nda T\u00fcr\u015fad SK\u2019y\u0131 konuk etti\u011fi m\u00fccadeleden 3-0 galip ayr\u0131ld\u0131.","format":"standard","video":"","gallery":"","source_name":"","source_url":"","via_name":"","via_url":"","override_template":"0","override":[{"template":"1","single_blog_custom":"","parallax":"1","fullscreen":"1","layout":"right-sidebar","sidebar":"mysidebar","second_sidebar":"default-sidebar","sticky_sidebar":"1","share_position":"float","share_float_style":"share-normal","show_share_counter":"1","show_view_counter":"1","show_featured":"1","show_post_meta":"1","show_post_author":"0","show_post_author_image":"1","show_post_date":"1","post_date_format":"default","post_date_format_custom":"Y\/m\/d","show_post_category":"0","show_post_reading_time":"0","post_reading_time_wpm":"300","show_zoom_button":"0","zoom_button_out_step":"2","zoom_button_in_step":"3","show_post_tag":"0","show_prev_next_post":"1","show_popup_post":"0","number_popup_post":"3","show_author_box":"0","show_post_related":"0","show_inline_post_related":"0"}],"override_image_size":"0","image_override":[{"single_post_thumbnail_size":"crop-500","single_post_gallery_size":"crop-500"}],"trending_post":"0","trending_post_position":"meta","trending_post_label":"Trending","sponsored_post":"0","sponsored_post_label":"Sponsored by","sponsored_post_name":"","sponsored_post_url":"","sponsored_post_logo_enable":"0","sponsored_post_logo":"","sponsored_post_desc":"","disable_ad":"0"},"jnews_primary_category":{"id":"8","hide":""},"jnews_social_meta":{"fb_title":"","fb_description":"","fb_image":"","twitter_title":"","twitter_description":"","twitter_image":""},"jnews_override_counter":{"override_view_counter":"0","view_counter_number":"0","override_share_counter":"0","share_counter_number":"0","override_like_counter":"0","like_counter_number":"0","override_dislike_counter":"0","dislike_counter_number":"0"},"footnotes":""},"categories":[9,2,8],"tags":[23,29],"class_list":["post-26148","post","type-post","status-publish","format-standard","has-post-thumbnail","hentry","category-erkek-voleybol","category-haberler","category-voleybol","tag-fenerbahce","tag-voleybol"],"amp_enabled":true,"_links":{"self":[{"href":"https:\/\/www.fener.org\/index.php\/wp-json\/wp\/v2\/posts\/26148","targetHints":{"allow":["GET"]}}],"collection":[{"href":"https:\/\/www.fener.org\/index.php\/wp-json\/wp\/v2\/posts"}],"about":[{"href":"https:\/\/www.fener.org\/index.php\/wp-json\/wp\/v2\/types\/post"}],"author":[{"embeddable":true,"href":"https:\/\/www.fener.org\/index.php\/wp-json\/wp\/v2\/users\/1"}],"replies":[{"embeddable":true,"href":"https:\/\/www.fener.org\/index.php\/wp-json\/wp\/v2\/comments?post=26148"}],"version-history":[{"count":2,"href":"https:\/\/www.fener.org\/index.php\/wp-json\/wp\/v2\/posts\/26148\/revisions"}],"predecessor-version":[{"id":26151,"href":"https:\/\/www.fener.org\/index.php\/wp-json\/wp\/v2\/posts\/26148\/revisions\/26151"}],"wp:featuredmedia":[{"embeddable":true,"href":"https:\/\/www.fener.org\/index.php\/wp-json\/wp\/v2\/media\/26149"}],"wp:attachment":[{"href":"https:\/\/www.fener.org\/index.php\/wp-json\/wp\/v2\/media?parent=26148"}],"wp:term":[{"taxonomy":"category","embeddable":true,"href":"https:\/\/www.fener.org\/index.php\/wp-json\/wp\/v2\/categories?post=26148"},{"taxonomy":"post_tag","embeddable":true,"href":"https:\/\/www.fener.org\/index.php\/wp-json\/wp\/v2\/tags?post=26148"}],"curies":[{"name":"wp","href":"https:\/\/api.w.org\/{rel}","templated":true}]}}