{"id":26138,"date":"2024-11-17T16:26:39","date_gmt":"2024-11-17T13:26:39","guid":{"rendered":"https:\/\/www.fener.org\/?p=26138"},"modified":"2024-11-17T16:26:44","modified_gmt":"2024-11-17T13:26:44","slug":"u15-kasimpasa-1-3-fenerbahce","status":"publish","type":"post","link":"https:\/\/www.fener.org\/index.php\/2024\/11\/17\/u15-kasimpasa-1-3-fenerbahce\/","title":{"rendered":"U15: Kas\u0131mpa\u015fa 1-3 Fenerbah\u00e7e"},"content":{"rendered":"\n<p>15 Ya\u015f Alt\u0131 Futbol Tak\u0131m\u0131m\u0131z, U15 Geli\u015fim Ligi 6. hafta ma\u00e7\u0131nda Kas\u0131mpa\u015fa\u2019y\u0131 3-1&#8217;le ge\u00e7ti. Kas\u0131mpa\u015fa Kemerburgaz Tesisleri\u2019nde oynanan ma\u00e7ta gollerimizi 59. dakikada Do\u011fukan Erciyas, 66. dakikada Muhammed Deneri ve 75. dakikada Galip Efe Ayd\u0131n kaydetti.<\/p>\n\n\n\n<p>Bu sonu\u00e7la be\u015finci galibiyetini elde eden tak\u0131m\u0131m\u0131z, puan\u0131n\u0131 16\u2019ya \u00e7\u0131kard\u0131.<\/p>\n\n\n\n<p>U15 Tak\u0131m\u0131m\u0131z, yedinci hafta m\u00fcsabakas\u0131nda Belediye Derince Spor\u2019a konuk olacak. 24 Kas\u0131m Pazar g\u00fcn\u00fc Derince Belediye Sentetik \u00c7im\u2019de oynanacak m\u00fcsabaka saat 13.00\u2019te ba\u015flayacak.<\/p>\n","protected":false},"excerpt":{"rendered":"<p>15 Ya\u015f Alt\u0131 Futbol Tak\u0131m\u0131m\u0131z, U15 Geli\u015fim Ligi 6. hafta ma\u00e7\u0131nda Kas\u0131mpa\u015fa\u2019y\u0131 3-1&#8217;le ge\u00e7ti. Kas\u0131mpa\u015fa Kemerburgaz Tesisleri\u2019nde oynanan ma\u00e7ta gollerimizi 59. dakikada Do\u011fukan Erciyas, 66. dakikada Muhammed Deneri ve 75. dakikada Galip Efe Ayd\u0131n kaydetti. Bu sonu\u00e7la be\u015finci galibiyetini elde eden tak\u0131m\u0131m\u0131z, puan\u0131n\u0131 16\u2019ya \u00e7\u0131kard\u0131. U15 Tak\u0131m\u0131m\u0131z, yedinci hafta m\u00fcsabakas\u0131nda Belediye Derince Spor\u2019a konuk olacak. [&hellip;]<\/p>\n","protected":false},"author":1,"featured_media":1278,"comment_status":"closed","ping_status":"closed","sticky":false,"template":"","format":"standard","meta":{"jnews-multi-image_gallery":[],"jnews_single_post":{"subtitle":"","format":"standard","video":"","gallery":"","source_name":"","source_url":"","via_name":"","via_url":"","override_template":"0","override":[{"template":"1","single_blog_custom":"","parallax":"1","fullscreen":"1","layout":"right-sidebar","sidebar":"mysidebar","second_sidebar":"default-sidebar","sticky_sidebar":"1","share_position":"float","share_float_style":"share-normal","show_share_counter":"1","show_view_counter":"1","show_featured":"1","show_post_meta":"1","show_post_author":"0","show_post_author_image":"1","show_post_date":"1","post_date_format":"default","post_date_format_custom":"Y\/m\/d","show_post_category":"0","show_post_reading_time":"0","post_reading_time_wpm":"300","show_zoom_button":"0","zoom_button_out_step":"2","zoom_button_in_step":"3","show_post_tag":"0","show_prev_next_post":"1","show_popup_post":"0","number_popup_post":"3","show_author_box":"0","show_post_related":"0","show_inline_post_related":"0"}],"override_image_size":"0","image_override":[{"single_post_thumbnail_size":"crop-500","single_post_gallery_size":"crop-500"}],"trending_post":"0","trending_post_position":"meta","trending_post_label":"Trending","sponsored_post":"0","sponsored_post_label":"Sponsored by","sponsored_post_name":"","sponsored_post_url":"","sponsored_post_logo_enable":"0","sponsored_post_logo":"","sponsored_post_desc":"","disable_ad":"0"},"jnews_primary_category":{"id":"4","hide":""},"jnews_social_meta":{"fb_title":"","fb_description":"","fb_image":"","twitter_title":"","twitter_description":"","twitter_image":""},"jnews_override_counter":{"override_view_counter":"0","view_counter_number":"0","override_share_counter":"0","share_counter_number":"0","override_like_counter":"0","like_counter_number":"0","override_dislike_counter":"0","dislike_counter_number":"0"},"footnotes":""},"categories":[4,17,2],"tags":[23,54],"class_list":["post-26138","post","type-post","status-publish","format-standard","has-post-thumbnail","hentry","category-futbol","category-futbol-altyapi","category-haberler","tag-fenerbahce","tag-futbol"],"amp_enabled":true,"_links":{"self":[{"href":"https:\/\/www.fener.org\/index.php\/wp-json\/wp\/v2\/posts\/26138","targetHints":{"allow":["GET"]}}],"collection":[{"href":"https:\/\/www.fener.org\/index.php\/wp-json\/wp\/v2\/posts"}],"about":[{"href":"https:\/\/www.fener.org\/index.php\/wp-json\/wp\/v2\/types\/post"}],"author":[{"embeddable":true,"href":"https:\/\/www.fener.org\/index.php\/wp-json\/wp\/v2\/users\/1"}],"replies":[{"embeddable":true,"href":"https:\/\/www.fener.org\/index.php\/wp-json\/wp\/v2\/comments?post=26138"}],"version-history":[{"count":1,"href":"https:\/\/www.fener.org\/index.php\/wp-json\/wp\/v2\/posts\/26138\/revisions"}],"predecessor-version":[{"id":26139,"href":"https:\/\/www.fener.org\/index.php\/wp-json\/wp\/v2\/posts\/26138\/revisions\/26139"}],"wp:featuredmedia":[{"embeddable":true,"href":"https:\/\/www.fener.org\/index.php\/wp-json\/wp\/v2\/media\/1278"}],"wp:attachment":[{"href":"https:\/\/www.fener.org\/index.php\/wp-json\/wp\/v2\/media?parent=26138"}],"wp:term":[{"taxonomy":"category","embeddable":true,"href":"https:\/\/www.fener.org\/index.php\/wp-json\/wp\/v2\/categories?post=26138"},{"taxonomy":"post_tag","embeddable":true,"href":"https:\/\/www.fener.org\/index.php\/wp-json\/wp\/v2\/tags?post=26138"}],"curies":[{"name":"wp","href":"https:\/\/api.w.org\/{rel}","templated":true}]}}