{"id":26134,"date":"2024-11-17T00:36:39","date_gmt":"2024-11-16T21:36:39","guid":{"rendered":"https:\/\/www.fener.org\/?p=26134"},"modified":"2024-11-17T00:36:42","modified_gmt":"2024-11-16T21:36:42","slug":"fenerbahce-medicana-tursad-skyi-konuk-ediyor","status":"publish","type":"post","link":"https:\/\/www.fener.org\/index.php\/2024\/11\/17\/fenerbahce-medicana-tursad-skyi-konuk-ediyor\/","title":{"rendered":"Fenerbah\u00e7e Medicana, T\u00fcr\u015fad SK\u2019y\u0131 konuk ediyor"},"content":{"rendered":"\n<p>Fenerbah\u00e7e Medicana Erkek Voleybol Tak\u0131m\u0131m\u0131z, SMS Grup Efeler Ligi 8. hafta ma\u00e7\u0131nda T\u00fcr\u015fad SK\u2019y\u0131 konuk edecek. 17 Kas\u0131m Pazar g\u00fcn\u00fc (yar\u0131n) Burhan Felek Vestel Voleybol Salonu\u2019nda oynanacak ma\u00e7 saat 19.30\u2019da ba\u015flayacak ve TRT Spor Y\u0131ld\u0131z\u2019dan canl\u0131 yay\u0131nlanacak.<\/p>\n\n\n\n<p>Erkek Voleybol Tak\u0131m\u0131m\u0131z, ligin ilk yedi haftas\u0131nda 3 galibiyet 3 ma\u011flubiyet al\u0131rken Develi Belediyesi ligden \u00e7ekildi\u011fi i\u00e7in 3. hafta ma\u00e7 yapmad\u0131. Rakip T\u00fcr\u015fad SK ise 7 hafta sonunda 2 galibiyet ve 5 ma\u011flubiyet ya\u015fad\u0131.<\/p>\n","protected":false},"excerpt":{"rendered":"<p>Fenerbah\u00e7e Medicana Erkek Voleybol Tak\u0131m\u0131m\u0131z, SMS Grup Efeler Ligi 8. hafta ma\u00e7\u0131nda T\u00fcr\u015fad SK\u2019y\u0131 konuk edecek. 17 Kas\u0131m Pazar g\u00fcn\u00fc (yar\u0131n) Burhan Felek Vestel Voleybol Salonu\u2019nda oynanacak ma\u00e7 saat 19.30\u2019da ba\u015flayacak ve TRT Spor Y\u0131ld\u0131z\u2019dan canl\u0131 yay\u0131nlanacak. Erkek Voleybol Tak\u0131m\u0131m\u0131z, ligin ilk yedi haftas\u0131nda 3 galibiyet 3 ma\u011flubiyet al\u0131rken Develi Belediyesi ligden \u00e7ekildi\u011fi i\u00e7in 3. [&hellip;]<\/p>\n","protected":false},"author":1,"featured_media":25898,"comment_status":"closed","ping_status":"closed","sticky":false,"template":"","format":"standard","meta":{"jnews-multi-image_gallery":[],"jnews_single_post":{"subtitle":"Fenerbah\u00e7e Erkek Voleybol Tak\u0131m\u0131m\u0131z, Efeler Ligi 8. hafta ma\u00e7\u0131nda sahas\u0131nda T\u00fcr\u015fad SK ile kar\u015f\u0131la\u015f\u0131yor.","format":"standard","video":"","gallery":"","source_name":"","source_url":"","via_name":"","via_url":"","override_template":"0","override":[{"template":"1","single_blog_custom":"","parallax":"1","fullscreen":"1","layout":"right-sidebar","sidebar":"mysidebar","second_sidebar":"default-sidebar","sticky_sidebar":"1","share_position":"float","share_float_style":"share-normal","show_share_counter":"1","show_view_counter":"1","show_featured":"1","show_post_meta":"1","show_post_author":"0","show_post_author_image":"1","show_post_date":"1","post_date_format":"default","post_date_format_custom":"Y\/m\/d","show_post_category":"0","show_post_reading_time":"0","post_reading_time_wpm":"300","show_zoom_button":"0","zoom_button_out_step":"2","zoom_button_in_step":"3","show_post_tag":"0","show_prev_next_post":"1","show_popup_post":"0","number_popup_post":"3","show_author_box":"0","show_post_related":"0","show_inline_post_related":"0"}],"override_image_size":"0","image_override":[{"single_post_thumbnail_size":"crop-500","single_post_gallery_size":"crop-500"}],"trending_post":"0","trending_post_position":"meta","trending_post_label":"Trending","sponsored_post":"0","sponsored_post_label":"Sponsored by","sponsored_post_name":"","sponsored_post_url":"","sponsored_post_logo_enable":"0","sponsored_post_logo":"","sponsored_post_desc":"","disable_ad":"0"},"jnews_primary_category":{"id":"8","hide":""},"jnews_social_meta":{"fb_title":"","fb_description":"","fb_image":"","twitter_title":"","twitter_description":"","twitter_image":""},"jnews_override_counter":{"override_view_counter":"0","view_counter_number":"0","override_share_counter":"0","share_counter_number":"0","override_like_counter":"0","like_counter_number":"0","override_dislike_counter":"0","dislike_counter_number":"0"},"footnotes":""},"categories":[9,2,8],"tags":[23,29],"class_list":["post-26134","post","type-post","status-publish","format-standard","has-post-thumbnail","hentry","category-erkek-voleybol","category-haberler","category-voleybol","tag-fenerbahce","tag-voleybol"],"amp_enabled":true,"_links":{"self":[{"href":"https:\/\/www.fener.org\/index.php\/wp-json\/wp\/v2\/posts\/26134","targetHints":{"allow":["GET"]}}],"collection":[{"href":"https:\/\/www.fener.org\/index.php\/wp-json\/wp\/v2\/posts"}],"about":[{"href":"https:\/\/www.fener.org\/index.php\/wp-json\/wp\/v2\/types\/post"}],"author":[{"embeddable":true,"href":"https:\/\/www.fener.org\/index.php\/wp-json\/wp\/v2\/users\/1"}],"replies":[{"embeddable":true,"href":"https:\/\/www.fener.org\/index.php\/wp-json\/wp\/v2\/comments?post=26134"}],"version-history":[{"count":1,"href":"https:\/\/www.fener.org\/index.php\/wp-json\/wp\/v2\/posts\/26134\/revisions"}],"predecessor-version":[{"id":26135,"href":"https:\/\/www.fener.org\/index.php\/wp-json\/wp\/v2\/posts\/26134\/revisions\/26135"}],"wp:featuredmedia":[{"embeddable":true,"href":"https:\/\/www.fener.org\/index.php\/wp-json\/wp\/v2\/media\/25898"}],"wp:attachment":[{"href":"https:\/\/www.fener.org\/index.php\/wp-json\/wp\/v2\/media?parent=26134"}],"wp:term":[{"taxonomy":"category","embeddable":true,"href":"https:\/\/www.fener.org\/index.php\/wp-json\/wp\/v2\/categories?post=26134"},{"taxonomy":"post_tag","embeddable":true,"href":"https:\/\/www.fener.org\/index.php\/wp-json\/wp\/v2\/tags?post=26134"}],"curies":[{"name":"wp","href":"https:\/\/api.w.org\/{rel}","templated":true}]}}