{"id":26088,"date":"2024-11-13T16:09:32","date_gmt":"2024-11-13T13:09:32","guid":{"rendered":"https:\/\/www.fener.org\/?p=26088"},"modified":"2024-11-13T16:09:35","modified_gmt":"2024-11-13T13:09:35","slug":"u17-ve-u19-takimlarimizin-mac-sonuclari-2","status":"publish","type":"post","link":"https:\/\/www.fener.org\/index.php\/2024\/11\/13\/u17-ve-u19-takimlarimizin-mac-sonuclari-2\/","title":{"rendered":"U17 ve U19 Tak\u0131mlar\u0131m\u0131z\u0131n ma\u00e7 sonu\u00e7lar\u0131"},"content":{"rendered":"\n<p>Fenerbah\u00e7e 17 ve 19 Ya\u015f Alt\u0131 Futbol Tak\u0131mlar\u0131m\u0131z\u0131n, liglerinin 12. haftas\u0131nda oynad\u0131klar\u0131 ma\u00e7lar\u0131n sonu\u00e7lar\u0131 ve detaylar \u015fu \u015fekilde:<br><br><strong>Adana Demirspor 0-0 Fenerbah\u00e7e (U17)<\/strong><br>\u00a0<br>17 Ya\u015f Alt\u0131 Futbol Tak\u0131m\u0131m\u0131z, U17 Elit A Ligi\u2019nin 12. haftas\u0131nda Adana Demirspor\u2019a konuk oldu. Kayhan Kaynak Karde\u015fler Stad\u0131&#8217;nda oynanan kar\u015f\u0131la\u015fma gols\u00fcz e\u015fitlikle sonu\u00e7land\u0131. \u00a0Bu sonu\u00e7la puan\u0131n\u0131 24\u2019e y\u00fckselten ekibimiz, zirve takibini s\u00fcrd\u00fcrd\u00fc.<br>\u00a0<br>U17 Tak\u0131m\u0131m\u0131z, 13. hafta ma\u00e7\u0131nda 16 Kas\u0131m Cumartesi g\u00fcn\u00fc Gaziantep Futbol Kul\u00fcb\u00fc\u2019n\u00fc a\u011f\u0131rlayacak.<br><br><strong>Trabzonspor 4-3 Fenerbah\u00e7e (U19)<\/strong><br>\u00a0<br>19 Ya\u015f Alt\u0131 Futbol Tak\u0131m\u0131m\u0131z, U19 Elit A Ligi 12. hafta ma\u00e7\u0131nda Trabzonspor ile deplasmanda kar\u015f\u0131la\u015ft\u0131. Trabzonspor Kadir \u00d6zcan Tesisleri\u2019nde oynanan ma\u00e7 4-3\u2019l\u00fck ma\u011flubiyetimizle sonu\u00e7land\u0131. Gollerimizi 13. dakikada Kaan Akyaz\u0131 ile 70 ve 74. dakikalarda Haydar Karata\u015f kaydetti.<br>\u00a0<br>U19 Tak\u0131m\u0131m\u0131z, 13. hafta ma\u00e7\u0131nda 23 Kas\u0131m Cumartesi g\u00fcn\u00fc Net Global Sivasspor\u2019u a\u011f\u0131rlayacak.<\/p>\n","protected":false},"excerpt":{"rendered":"<p>Fenerbah\u00e7e 17 ve 19 Ya\u015f Alt\u0131 Futbol Tak\u0131mlar\u0131m\u0131z\u0131n, liglerinin 12. haftas\u0131nda oynad\u0131klar\u0131 ma\u00e7lar\u0131n sonu\u00e7lar\u0131 ve detaylar \u015fu \u015fekilde: Adana Demirspor 0-0 Fenerbah\u00e7e (U17)\u00a017 Ya\u015f Alt\u0131 Futbol Tak\u0131m\u0131m\u0131z, U17 Elit A Ligi\u2019nin 12. haftas\u0131nda Adana Demirspor\u2019a konuk oldu. Kayhan Kaynak Karde\u015fler Stad\u0131&#8217;nda oynanan kar\u015f\u0131la\u015fma gols\u00fcz e\u015fitlikle sonu\u00e7land\u0131. \u00a0Bu sonu\u00e7la puan\u0131n\u0131 24\u2019e y\u00fckselten ekibimiz, zirve takibini s\u00fcrd\u00fcrd\u00fc.\u00a0U17 [&hellip;]<\/p>\n","protected":false},"author":1,"featured_media":1278,"comment_status":"closed","ping_status":"closed","sticky":false,"template":"","format":"standard","meta":{"jnews-multi-image_gallery":[],"jnews_single_post":{"subtitle":"","format":"standard","video":"","gallery":"","source_name":"","source_url":"","via_name":"","via_url":"","override_template":"0","override":[{"template":"1","single_blog_custom":"","parallax":"1","fullscreen":"1","layout":"right-sidebar","sidebar":"mysidebar","second_sidebar":"default-sidebar","sticky_sidebar":"1","share_position":"float","share_float_style":"share-normal","show_share_counter":"1","show_view_counter":"1","show_featured":"1","show_post_meta":"1","show_post_author":"0","show_post_author_image":"1","show_post_date":"1","post_date_format":"default","post_date_format_custom":"Y\/m\/d","show_post_category":"0","show_post_reading_time":"0","post_reading_time_wpm":"300","show_zoom_button":"0","zoom_button_out_step":"2","zoom_button_in_step":"3","show_post_tag":"0","show_prev_next_post":"1","show_popup_post":"0","number_popup_post":"3","show_author_box":"0","show_post_related":"0","show_inline_post_related":"0"}],"override_image_size":"0","image_override":[{"single_post_thumbnail_size":"crop-500","single_post_gallery_size":"crop-500"}],"trending_post":"0","trending_post_position":"meta","trending_post_label":"Trending","sponsored_post":"0","sponsored_post_label":"Sponsored by","sponsored_post_name":"","sponsored_post_url":"","sponsored_post_logo_enable":"0","sponsored_post_logo":"","sponsored_post_desc":"","disable_ad":"0"},"jnews_primary_category":{"id":"4","hide":""},"jnews_social_meta":{"fb_title":"","fb_description":"","fb_image":"","twitter_title":"","twitter_description":"","twitter_image":""},"jnews_override_counter":{"override_view_counter":"0","view_counter_number":"0","override_share_counter":"0","share_counter_number":"0","override_like_counter":"0","like_counter_number":"0","override_dislike_counter":"0","dislike_counter_number":"0"},"footnotes":""},"categories":[4,17,2],"tags":[23,54],"class_list":["post-26088","post","type-post","status-publish","format-standard","has-post-thumbnail","hentry","category-futbol","category-futbol-altyapi","category-haberler","tag-fenerbahce","tag-futbol"],"amp_enabled":true,"_links":{"self":[{"href":"https:\/\/www.fener.org\/index.php\/wp-json\/wp\/v2\/posts\/26088","targetHints":{"allow":["GET"]}}],"collection":[{"href":"https:\/\/www.fener.org\/index.php\/wp-json\/wp\/v2\/posts"}],"about":[{"href":"https:\/\/www.fener.org\/index.php\/wp-json\/wp\/v2\/types\/post"}],"author":[{"embeddable":true,"href":"https:\/\/www.fener.org\/index.php\/wp-json\/wp\/v2\/users\/1"}],"replies":[{"embeddable":true,"href":"https:\/\/www.fener.org\/index.php\/wp-json\/wp\/v2\/comments?post=26088"}],"version-history":[{"count":1,"href":"https:\/\/www.fener.org\/index.php\/wp-json\/wp\/v2\/posts\/26088\/revisions"}],"predecessor-version":[{"id":26089,"href":"https:\/\/www.fener.org\/index.php\/wp-json\/wp\/v2\/posts\/26088\/revisions\/26089"}],"wp:featuredmedia":[{"embeddable":true,"href":"https:\/\/www.fener.org\/index.php\/wp-json\/wp\/v2\/media\/1278"}],"wp:attachment":[{"href":"https:\/\/www.fener.org\/index.php\/wp-json\/wp\/v2\/media?parent=26088"}],"wp:term":[{"taxonomy":"category","embeddable":true,"href":"https:\/\/www.fener.org\/index.php\/wp-json\/wp\/v2\/categories?post=26088"},{"taxonomy":"post_tag","embeddable":true,"href":"https:\/\/www.fener.org\/index.php\/wp-json\/wp\/v2\/tags?post=26088"}],"curies":[{"name":"wp","href":"https:\/\/api.w.org\/{rel}","templated":true}]}}