{"id":25881,"date":"2024-10-26T17:03:12","date_gmt":"2024-10-26T14:03:12","guid":{"rendered":"https:\/\/www.fener.org\/?p=25881"},"modified":"2024-10-26T17:03:15","modified_gmt":"2024-10-26T14:03:15","slug":"u19-bellona-kayserispor-0-1-fenerbahce","status":"publish","type":"post","link":"https:\/\/www.fener.org\/index.php\/2024\/10\/26\/u19-bellona-kayserispor-0-1-fenerbahce\/","title":{"rendered":"U19: Bellona Kayserispor 0-1 Fenerbah\u00e7e"},"content":{"rendered":"\n<p>19 Ya\u015f Alt\u0131 Futbol Tak\u0131m\u0131m\u0131z, U19 Elit A Ligi 10. hafta ma\u00e7\u0131nda konuk oldu\u011fu Bellona Kayserispor\u2019u 1-0 yendi.&nbsp; Kadir Has Spor Kompleksi\u2019nde oynanan ma\u00e7ta gol\u00fcm\u00fcz\u00fc 76. dakikada Yi\u011fit Emir Ekiz kaydetti. Bu galibiyetle puan\u0131n\u0131 20\u2019ye y\u00fckselten ekibimiz, \u00e7\u0131k\u0131\u015f\u0131n\u0131 s\u00fcrd\u00fcrd\u00fc.<\/p>\n\n\n\n<p>U19 Tak\u0131m\u0131m\u0131z, 11. hafta m\u00fccadelesinde Be\u015fikta\u015f\u2019\u0131 konuk edecek. 2 Kas\u0131m Cumartesi g\u00fcn\u00fc Derea\u011fz\u0131 Lefter K\u00fc\u00e7\u00fckandonyadis Tesislerimizde oynanacak m\u00fccadele saat 12.00\u2019de ba\u015flayacak.<\/p>\n","protected":false},"excerpt":{"rendered":"<p>19 Ya\u015f Alt\u0131 Futbol Tak\u0131m\u0131m\u0131z, U19 Elit A Ligi 10. hafta ma\u00e7\u0131nda konuk oldu\u011fu Bellona Kayserispor\u2019u 1-0 yendi.&nbsp; Kadir Has Spor Kompleksi\u2019nde oynanan ma\u00e7ta gol\u00fcm\u00fcz\u00fc 76. dakikada Yi\u011fit Emir Ekiz kaydetti. Bu galibiyetle puan\u0131n\u0131 20\u2019ye y\u00fckselten ekibimiz, \u00e7\u0131k\u0131\u015f\u0131n\u0131 s\u00fcrd\u00fcrd\u00fc. U19 Tak\u0131m\u0131m\u0131z, 11. hafta m\u00fccadelesinde Be\u015fikta\u015f\u2019\u0131 konuk edecek. 2 Kas\u0131m Cumartesi g\u00fcn\u00fc Derea\u011fz\u0131 Lefter K\u00fc\u00e7\u00fckandonyadis Tesislerimizde [&hellip;]<\/p>\n","protected":false},"author":1,"featured_media":1278,"comment_status":"closed","ping_status":"closed","sticky":false,"template":"","format":"standard","meta":{"jnews-multi-image_gallery":[],"jnews_single_post":{"subtitle":"","format":"standard","video":"","gallery":"","source_name":"","source_url":"","via_name":"","via_url":"","override_template":"0","override":[{"template":"1","single_blog_custom":"","parallax":"1","fullscreen":"1","layout":"right-sidebar","sidebar":"mysidebar","second_sidebar":"default-sidebar","sticky_sidebar":"1","share_position":"float","share_float_style":"share-normal","show_share_counter":"1","show_view_counter":"1","show_featured":"1","show_post_meta":"1","show_post_author":"0","show_post_author_image":"1","show_post_date":"1","post_date_format":"default","post_date_format_custom":"Y\/m\/d","show_post_category":"0","show_post_reading_time":"0","post_reading_time_wpm":"300","show_zoom_button":"0","zoom_button_out_step":"2","zoom_button_in_step":"3","show_post_tag":"0","show_prev_next_post":"1","show_popup_post":"0","number_popup_post":"3","show_author_box":"0","show_post_related":"0","show_inline_post_related":"0"}],"override_image_size":"0","image_override":[{"single_post_thumbnail_size":"crop-500","single_post_gallery_size":"crop-500"}],"trending_post":"0","trending_post_position":"meta","trending_post_label":"Trending","sponsored_post":"0","sponsored_post_label":"Sponsored by","sponsored_post_name":"","sponsored_post_url":"","sponsored_post_logo_enable":"0","sponsored_post_logo":"","sponsored_post_desc":"","disable_ad":"0"},"jnews_primary_category":{"id":"4","hide":""},"jnews_social_meta":{"fb_title":"","fb_description":"","fb_image":"","twitter_title":"","twitter_description":"","twitter_image":""},"jnews_override_counter":{"override_view_counter":"0","view_counter_number":"0","override_share_counter":"0","share_counter_number":"0","override_like_counter":"0","like_counter_number":"0","override_dislike_counter":"0","dislike_counter_number":"0"},"footnotes":""},"categories":[4,17,2],"tags":[23,54],"class_list":["post-25881","post","type-post","status-publish","format-standard","has-post-thumbnail","hentry","category-futbol","category-futbol-altyapi","category-haberler","tag-fenerbahce","tag-futbol"],"amp_enabled":true,"_links":{"self":[{"href":"https:\/\/www.fener.org\/index.php\/wp-json\/wp\/v2\/posts\/25881","targetHints":{"allow":["GET"]}}],"collection":[{"href":"https:\/\/www.fener.org\/index.php\/wp-json\/wp\/v2\/posts"}],"about":[{"href":"https:\/\/www.fener.org\/index.php\/wp-json\/wp\/v2\/types\/post"}],"author":[{"embeddable":true,"href":"https:\/\/www.fener.org\/index.php\/wp-json\/wp\/v2\/users\/1"}],"replies":[{"embeddable":true,"href":"https:\/\/www.fener.org\/index.php\/wp-json\/wp\/v2\/comments?post=25881"}],"version-history":[{"count":1,"href":"https:\/\/www.fener.org\/index.php\/wp-json\/wp\/v2\/posts\/25881\/revisions"}],"predecessor-version":[{"id":25882,"href":"https:\/\/www.fener.org\/index.php\/wp-json\/wp\/v2\/posts\/25881\/revisions\/25882"}],"wp:featuredmedia":[{"embeddable":true,"href":"https:\/\/www.fener.org\/index.php\/wp-json\/wp\/v2\/media\/1278"}],"wp:attachment":[{"href":"https:\/\/www.fener.org\/index.php\/wp-json\/wp\/v2\/media?parent=25881"}],"wp:term":[{"taxonomy":"category","embeddable":true,"href":"https:\/\/www.fener.org\/index.php\/wp-json\/wp\/v2\/categories?post=25881"},{"taxonomy":"post_tag","embeddable":true,"href":"https:\/\/www.fener.org\/index.php\/wp-json\/wp\/v2\/tags?post=25881"}],"curies":[{"name":"wp","href":"https:\/\/api.w.org\/{rel}","templated":true}]}}