{"id":25720,"date":"2024-10-13T19:13:33","date_gmt":"2024-10-13T16:13:33","guid":{"rendered":"https:\/\/www.fener.org\/?p=25720"},"modified":"2024-10-13T19:13:36","modified_gmt":"2024-10-13T16:13:36","slug":"u14-u15-ve-u16-takimlarimizin-mac-sonuclari-2","status":"publish","type":"post","link":"https:\/\/www.fener.org\/index.php\/2024\/10\/13\/u14-u15-ve-u16-takimlarimizin-mac-sonuclari-2\/","title":{"rendered":"U14, U15 ve U16 Tak\u0131mlar\u0131m\u0131z\u0131n ma\u00e7 sonu\u00e7lar\u0131"},"content":{"rendered":"\n<p>U14, U15 ve U16 Tak\u0131mlar\u0131m\u0131z\u0131n, liglerindeki ikinci hafta m\u00fcsabakalar\u0131nda ald\u0131klar\u0131 sonu\u00e7lar \u015fu \u015fekilde:<br>\u00a0<br><strong>Kas\u0131mpa\u015fa 1-5 Fenerbah\u00e7e (U14)<\/strong><br>\u00a0<br>14 Ya\u015f Alt\u0131 Futbol Tak\u0131m\u0131m\u0131z, U14 Geli\u015fim Ligi ikinci hafta ma\u00e7\u0131nda Kas\u0131mpa\u015fa Spor Tesisleri\u2019nde Kas\u0131mpa\u015fa\u2019ya konuk oldu. Kar\u015f\u0131la\u015fmay\u0131 Toprak K\u00f6k (2), Ayaz \u00d6zbu\u011futu, Kerem G\u00fc\u00e7 ve Yunus Emre Alkan\u2019\u0131n kaydetti\u011fi gollerle 5-1 kazanan Tak\u0131m\u0131m\u0131z 2&#8217;de 2 yapt\u0131 ve puan\u0131n\u0131 6\u2019ya y\u00fckseltti.<br>\u00a0<br>U14 Tak\u0131m\u0131m\u0131z, ligin \u00fc\u00e7\u00fcnc\u00fc hafta ma\u00e7\u0131nda 20 Ekim Pazar g\u00fcn\u00fc deplasmanda Be\u015fikta\u015f ile kar\u015f\u0131la\u015facak. Fulya Hakk\u0131 Yeten Tesisleri\u2019nde oynanacak derbi m\u00fcsabakas\u0131 saat 17.00\u2019da ba\u015flayacak.<br>\u00a0<br><strong>Sakaryaspor 1-1 Fenerbah\u00e7e (U15)<\/strong><br>\u00a0<br>15 Ya\u015f Alt\u0131 Futbol Tak\u0131m\u0131m\u0131z, U15 Geli\u015fim Ligi ikinci hafta ma\u00e7\u0131nda Sakaryaspor\u2019a konuk oldu. Tak\u0131m\u0131m\u0131z, Ekrem Karaberbero\u011flu Tesisleri\u2019nde oynanan kar\u015f\u0131la\u015fmadan 1-1 beraberlikle ayr\u0131ld\u0131 ve puan\u0131n\u0131 4\u2019e y\u00fckseltti. Tak\u0131m\u0131m\u0131z\u0131n gol\u00fcn\u00fc 70. dakikada Do\u011fukan Erciyas kaydetti.<br>\u00a0<br>U15 Tak\u0131m\u0131m\u0131z, ligin \u00fc\u00e7\u00fcnc\u00fc hafta ma\u00e7\u0131nda 20 Ekim Pazar g\u00fcn\u00fc Be\u015fikta\u015f\u2019\u0131 a\u011f\u0131rlayacak. Fenerbah\u00e7e Lefter K\u00fc\u00e7\u00fckandonyadis Tesislerimizde oynanacak derbi m\u00fcsabakas\u0131 saat 13.00\u2019da ba\u015flayacak.<br>\u00a0<br><strong>Beykoz Anadolu Spor 0-2 Fenerbah\u00e7e (U16)<\/strong><br>\u00a0<br>U16 Tak\u0131m\u0131m\u0131z ise U16 Geli\u015fim Ligi\u2019nin ikinci haftas\u0131nda Beykoz Anadolu Spor\u2019a konuk oldu.<br>\u00a0<br>Beykoz Stadyumu\u2019nda oynanan m\u00fcsabakada U16 Tak\u0131m\u0131m\u0131za galibiyeti getiren golleri 28. dakikada Ya\u011f\u0131z Fikri \u015een (P) ile 69. dakikada Emin Eren Sayar kaydetti. Tak\u0131m\u0131m\u0131z bu galibiyetle 2&#8217;de 2 yapt\u0131 ve puan\u0131n\u0131 6\u2019ya y\u00fckseltti.<br>\u00a0<br>16 Ya\u015f Alt\u0131 Futbol Tak\u0131m\u0131m\u0131z, ligin \u00fc\u00e7\u00fcnc\u00fc hafta ma\u00e7\u0131nda 20 Ekim Pazar g\u00fcn\u00fc Fenerbah\u00e7e Lefter K\u00fc\u00e7\u00fckandonyadis Tesisleri\u2019nde Belediye Derince Spor ile kar\u015f\u0131la\u015facak. M\u00fcsabaka saat 15.00\u2019da ba\u015flayacak.<\/p>\n","protected":false},"excerpt":{"rendered":"<p>U14, U15 ve U16 Tak\u0131mlar\u0131m\u0131z\u0131n, liglerindeki ikinci hafta m\u00fcsabakalar\u0131nda ald\u0131klar\u0131 sonu\u00e7lar \u015fu \u015fekilde:\u00a0Kas\u0131mpa\u015fa 1-5 Fenerbah\u00e7e (U14)\u00a014 Ya\u015f Alt\u0131 Futbol Tak\u0131m\u0131m\u0131z, U14 Geli\u015fim Ligi ikinci hafta ma\u00e7\u0131nda Kas\u0131mpa\u015fa Spor Tesisleri\u2019nde Kas\u0131mpa\u015fa\u2019ya konuk oldu. Kar\u015f\u0131la\u015fmay\u0131 Toprak K\u00f6k (2), Ayaz \u00d6zbu\u011futu, Kerem G\u00fc\u00e7 ve Yunus Emre Alkan\u2019\u0131n kaydetti\u011fi gollerle 5-1 kazanan Tak\u0131m\u0131m\u0131z 2&#8217;de 2 yapt\u0131 ve puan\u0131n\u0131 6\u2019ya [&hellip;]<\/p>\n","protected":false},"author":1,"featured_media":1278,"comment_status":"closed","ping_status":"closed","sticky":false,"template":"","format":"standard","meta":{"jnews-multi-image_gallery":[],"jnews_single_post":{"subtitle":"","format":"standard","video":"","gallery":"","source_name":"","source_url":"","via_name":"","via_url":"","override_template":"0","override":[{"template":"1","single_blog_custom":"","parallax":"1","fullscreen":"1","layout":"right-sidebar","sidebar":"mysidebar","second_sidebar":"default-sidebar","sticky_sidebar":"1","share_position":"float","share_float_style":"share-normal","show_share_counter":"1","show_view_counter":"1","show_featured":"1","show_post_meta":"1","show_post_author":"0","show_post_author_image":"1","show_post_date":"1","post_date_format":"default","post_date_format_custom":"Y\/m\/d","show_post_category":"0","show_post_reading_time":"0","post_reading_time_wpm":"300","show_zoom_button":"0","zoom_button_out_step":"2","zoom_button_in_step":"3","show_post_tag":"0","show_prev_next_post":"1","show_popup_post":"0","number_popup_post":"3","show_author_box":"0","show_post_related":"0","show_inline_post_related":"0"}],"override_image_size":"0","image_override":[{"single_post_thumbnail_size":"crop-500","single_post_gallery_size":"crop-500"}],"trending_post":"0","trending_post_position":"meta","trending_post_label":"Trending","sponsored_post":"0","sponsored_post_label":"Sponsored by","sponsored_post_name":"","sponsored_post_url":"","sponsored_post_logo_enable":"0","sponsored_post_logo":"","sponsored_post_desc":"","disable_ad":"0"},"jnews_primary_category":{"id":"4","hide":""},"jnews_social_meta":{"fb_title":"","fb_description":"","fb_image":"","twitter_title":"","twitter_description":"","twitter_image":""},"jnews_override_counter":{"override_view_counter":"0","view_counter_number":"0","override_share_counter":"0","share_counter_number":"0","override_like_counter":"0","like_counter_number":"0","override_dislike_counter":"0","dislike_counter_number":"0"},"footnotes":""},"categories":[4,17,2],"tags":[23,54],"class_list":["post-25720","post","type-post","status-publish","format-standard","has-post-thumbnail","hentry","category-futbol","category-futbol-altyapi","category-haberler","tag-fenerbahce","tag-futbol"],"amp_enabled":true,"_links":{"self":[{"href":"https:\/\/www.fener.org\/index.php\/wp-json\/wp\/v2\/posts\/25720","targetHints":{"allow":["GET"]}}],"collection":[{"href":"https:\/\/www.fener.org\/index.php\/wp-json\/wp\/v2\/posts"}],"about":[{"href":"https:\/\/www.fener.org\/index.php\/wp-json\/wp\/v2\/types\/post"}],"author":[{"embeddable":true,"href":"https:\/\/www.fener.org\/index.php\/wp-json\/wp\/v2\/users\/1"}],"replies":[{"embeddable":true,"href":"https:\/\/www.fener.org\/index.php\/wp-json\/wp\/v2\/comments?post=25720"}],"version-history":[{"count":1,"href":"https:\/\/www.fener.org\/index.php\/wp-json\/wp\/v2\/posts\/25720\/revisions"}],"predecessor-version":[{"id":25721,"href":"https:\/\/www.fener.org\/index.php\/wp-json\/wp\/v2\/posts\/25720\/revisions\/25721"}],"wp:featuredmedia":[{"embeddable":true,"href":"https:\/\/www.fener.org\/index.php\/wp-json\/wp\/v2\/media\/1278"}],"wp:attachment":[{"href":"https:\/\/www.fener.org\/index.php\/wp-json\/wp\/v2\/media?parent=25720"}],"wp:term":[{"taxonomy":"category","embeddable":true,"href":"https:\/\/www.fener.org\/index.php\/wp-json\/wp\/v2\/categories?post=25720"},{"taxonomy":"post_tag","embeddable":true,"href":"https:\/\/www.fener.org\/index.php\/wp-json\/wp\/v2\/tags?post=25720"}],"curies":[{"name":"wp","href":"https:\/\/api.w.org\/{rel}","templated":true}]}}