{"id":25620,"date":"2024-10-06T18:02:04","date_gmt":"2024-10-06T15:02:04","guid":{"rendered":"https:\/\/www.fener.org\/?p=25620"},"modified":"2024-10-06T18:02:07","modified_gmt":"2024-10-06T15:02:07","slug":"u14-u15-ve-u16-takimlarimizin-mac-sonuclari","status":"publish","type":"post","link":"https:\/\/www.fener.org\/index.php\/2024\/10\/06\/u14-u15-ve-u16-takimlarimizin-mac-sonuclari\/","title":{"rendered":"U14, U15 ve U16 Tak\u0131mlar\u0131m\u0131z\u0131n ma\u00e7 sonu\u00e7lar\u0131"},"content":{"rendered":"\n<p>U14, U15 ve U16 Tak\u0131mlar\u0131m\u0131z, 2024-25 sezonuna galibiyetle ba\u015flad\u0131. Liglerindeki ilk hafta kar\u015f\u0131la\u015fmalar\u0131nda rakiplerini Fenerbah\u00e7e Derea\u011fz\u0131 Lefter K\u00fc\u00e7\u00fckandonyadis Tesisleri\u2019nde konuk eden tak\u0131mlar\u0131m\u0131z\u0131n ald\u0131\u011f\u0131 sonu\u00e7lar \u015fu \u015fekilde:<br>\u00a0<br><strong>Fenerbah\u00e7e 2-0 Belediye Derince Spor (U14)<\/strong><br>\u00a0<br>14 Ya\u015f Alt\u0131 Futbol Tak\u0131m\u0131m\u0131z, U14 Geli\u015fim Ligi ilk hafta ma\u00e7\u0131nda Fenerbah\u00e7e Derea\u011fz\u0131 Lefter K\u00fc\u00e7\u00fckandonyadis Tesisleri\u2019nde Belediye Derince Spor\u2019u konuk etti. Kar\u015f\u0131la\u015fmay\u0131 40. dakikada Yunus Emre Alkan ve 58. dakikada Kerem G\u00fc\u00e7\u2019\u00fcn kaydetti\u011fi gollerle 2-0 kazanan Tak\u0131m\u0131m\u0131z sezona 3 puanla ba\u015flad\u0131.<br>\u00a0<br>U14 Tak\u0131m\u0131m\u0131z, ligin ikinci hafta ma\u00e7\u0131nda 13 Ekim Pazar g\u00fcn\u00fc deplasmanda Kas\u0131mpa\u015fa ile kar\u015f\u0131la\u015facak.<br>\u00a0<br><strong>Fenerbah\u00e7e 8-0 Sultanbeyli Belediye Spor (U15)<\/strong><br>\u00a0<br>15 Ya\u015f Alt\u0131 Futbol Tak\u0131m\u0131m\u0131z, U15 Geli\u015fim Ligi ilk hafta ma\u00e7\u0131nda Sultanbeyli Belediye Spor\u2019u a\u011f\u0131rlad\u0131. Tak\u0131m\u0131m\u0131z, Fenerbah\u00e7e Derea\u011fz\u0131 Lefter K\u00fc\u00e7\u00fckandonyadis Tesisleri\u2019nde ba\u015ftan sona \u00fcst\u00fcn oynad\u0131\u011f\u0131 kar\u015f\u0131la\u015fmay\u0131 8-0 kazand\u0131 ve sezona galibiyetle ba\u015flad\u0131.<br>\u00a0<br>Galibiyeti getiren goller 1 ve 49. dakikalarda Demir Ak\u0131nc\u0131, 21. dakikada Serhan \u0130nal, 43. dakikada Tarhan Sevi\u015f, 53 ve 70. dakikalarda \u00d6mer Efe Ak\u0131n, 76 ve 80+1. dakikada Muhammed Ali Deneri kaydetti.<br>\u00a0<br>U15 Tak\u0131m\u0131m\u0131z, ligin ikinci hafta ma\u00e7\u0131nda 13 Ekim Pazar g\u00fcn\u00fc deplasmanda Sakaryaspor ile kar\u015f\u0131la\u015facak.<br>\u00a0<br><strong>Fenerbah\u00e7e 6-1 Sultanbeyli Belediye Spor (U16)<\/strong><br>\u00a0<br>Fenerbah\u00e7e Derea\u011fz\u0131 Lefter K\u00fc\u00e7\u00fckandonyadis Tesisleri\u2019ndeki g\u00fcn\u00fcn son ma\u00e7\u0131nda U16 Tak\u0131mlar\u0131 kar\u015f\u0131 kar\u015f\u0131ya geldi. 16 Ya\u015f Alt\u0131 Futbol Tak\u0131m\u0131m\u0131z, U16 Geli\u015fim Ligi ilk haftas\u0131nda Sultanbeyli Belediye Spor kar\u015f\u0131s\u0131nda 3 puan\u0131 6-1\u2019lik skorla ald\u0131 ve sezona galibiyetle ba\u015flad\u0131.<br>\u00a0<br>U16 Tak\u0131m\u0131m\u0131za galibiyeti getiren golleri 25, 42 (P) ve 55. dakikalarda Alaattin Ekici, 48 ve 79. dakikalarda Ali Arda Ayd\u0131n ve 68. dakikada Zo\u011frap Ege \u0130zgi kaydetti.<br>\u00a0<br>16 Ya\u015f Alt\u0131 Futbol Tak\u0131m\u0131m\u0131z, ligin ikinci hafta ma\u00e7\u0131nda 13 Ekim Pazar g\u00fcn\u00fc deplasmanda Beykoz Anadolu Spor ile kar\u015f\u0131la\u015facak.<\/p>\n","protected":false},"excerpt":{"rendered":"<p>U14, U15 ve U16 Tak\u0131mlar\u0131m\u0131z, 2024-25 sezonuna galibiyetle ba\u015flad\u0131. Liglerindeki ilk hafta kar\u015f\u0131la\u015fmalar\u0131nda rakiplerini Fenerbah\u00e7e Derea\u011fz\u0131 Lefter K\u00fc\u00e7\u00fckandonyadis Tesisleri\u2019nde konuk eden tak\u0131mlar\u0131m\u0131z\u0131n ald\u0131\u011f\u0131 sonu\u00e7lar \u015fu \u015fekilde:\u00a0Fenerbah\u00e7e 2-0 Belediye Derince Spor (U14)\u00a014 Ya\u015f Alt\u0131 Futbol Tak\u0131m\u0131m\u0131z, U14 Geli\u015fim Ligi ilk hafta ma\u00e7\u0131nda Fenerbah\u00e7e Derea\u011fz\u0131 Lefter K\u00fc\u00e7\u00fckandonyadis Tesisleri\u2019nde Belediye Derince Spor\u2019u konuk etti. Kar\u015f\u0131la\u015fmay\u0131 40. dakikada Yunus [&hellip;]<\/p>\n","protected":false},"author":1,"featured_media":1278,"comment_status":"closed","ping_status":"closed","sticky":false,"template":"","format":"standard","meta":{"jnews-multi-image_gallery":[],"jnews_single_post":{"subtitle":"","format":"standard","video":"","gallery":"","source_name":"","source_url":"","via_name":"","via_url":"","override_template":"0","override":[{"template":"1","single_blog_custom":"","parallax":"1","fullscreen":"1","layout":"right-sidebar","sidebar":"mysidebar","second_sidebar":"default-sidebar","sticky_sidebar":"1","share_position":"float","share_float_style":"share-normal","show_share_counter":"1","show_view_counter":"1","show_featured":"1","show_post_meta":"1","show_post_author":"0","show_post_author_image":"1","show_post_date":"1","post_date_format":"default","post_date_format_custom":"Y\/m\/d","show_post_category":"0","show_post_reading_time":"0","post_reading_time_wpm":"300","show_zoom_button":"0","zoom_button_out_step":"2","zoom_button_in_step":"3","show_post_tag":"0","show_prev_next_post":"1","show_popup_post":"0","number_popup_post":"3","show_author_box":"0","show_post_related":"0","show_inline_post_related":"0"}],"override_image_size":"0","image_override":[{"single_post_thumbnail_size":"crop-500","single_post_gallery_size":"crop-500"}],"trending_post":"0","trending_post_position":"meta","trending_post_label":"Trending","sponsored_post":"0","sponsored_post_label":"Sponsored by","sponsored_post_name":"","sponsored_post_url":"","sponsored_post_logo_enable":"0","sponsored_post_logo":"","sponsored_post_desc":"","disable_ad":"0"},"jnews_primary_category":{"id":"4","hide":""},"jnews_social_meta":{"fb_title":"","fb_description":"","fb_image":"","twitter_title":"","twitter_description":"","twitter_image":""},"jnews_override_counter":{"override_view_counter":"0","view_counter_number":"0","override_share_counter":"0","share_counter_number":"0","override_like_counter":"0","like_counter_number":"0","override_dislike_counter":"0","dislike_counter_number":"0"},"footnotes":""},"categories":[4,17,2],"tags":[23,54],"class_list":["post-25620","post","type-post","status-publish","format-standard","has-post-thumbnail","hentry","category-futbol","category-futbol-altyapi","category-haberler","tag-fenerbahce","tag-futbol"],"amp_enabled":true,"_links":{"self":[{"href":"https:\/\/www.fener.org\/index.php\/wp-json\/wp\/v2\/posts\/25620","targetHints":{"allow":["GET"]}}],"collection":[{"href":"https:\/\/www.fener.org\/index.php\/wp-json\/wp\/v2\/posts"}],"about":[{"href":"https:\/\/www.fener.org\/index.php\/wp-json\/wp\/v2\/types\/post"}],"author":[{"embeddable":true,"href":"https:\/\/www.fener.org\/index.php\/wp-json\/wp\/v2\/users\/1"}],"replies":[{"embeddable":true,"href":"https:\/\/www.fener.org\/index.php\/wp-json\/wp\/v2\/comments?post=25620"}],"version-history":[{"count":1,"href":"https:\/\/www.fener.org\/index.php\/wp-json\/wp\/v2\/posts\/25620\/revisions"}],"predecessor-version":[{"id":25621,"href":"https:\/\/www.fener.org\/index.php\/wp-json\/wp\/v2\/posts\/25620\/revisions\/25621"}],"wp:featuredmedia":[{"embeddable":true,"href":"https:\/\/www.fener.org\/index.php\/wp-json\/wp\/v2\/media\/1278"}],"wp:attachment":[{"href":"https:\/\/www.fener.org\/index.php\/wp-json\/wp\/v2\/media?parent=25620"}],"wp:term":[{"taxonomy":"category","embeddable":true,"href":"https:\/\/www.fener.org\/index.php\/wp-json\/wp\/v2\/categories?post=25620"},{"taxonomy":"post_tag","embeddable":true,"href":"https:\/\/www.fener.org\/index.php\/wp-json\/wp\/v2\/tags?post=25620"}],"curies":[{"name":"wp","href":"https:\/\/api.w.org\/{rel}","templated":true}]}}