{"id":25535,"date":"2024-09-29T21:16:47","date_gmt":"2024-09-29T18:16:47","guid":{"rendered":"https:\/\/www.fener.org\/?p=25535"},"modified":"2024-09-29T21:42:01","modified_gmt":"2024-09-29T18:42:01","slug":"antalyaspor-0-2-fenerbahce","status":"publish","type":"post","link":"https:\/\/www.fener.org\/index.php\/2024\/09\/29\/antalyaspor-0-2-fenerbahce\/","title":{"rendered":"Antalyaspor 0-2 Fenerbah\u00e7e"},"content":{"rendered":"\n<p>Fenerbah\u00e7emiz, Trendyol S\u00fcper Lig\u2019in 7. haftas\u0131nda Corendon Airlines Park\u2019ta konuk oldu\u011fu Antalyaspor\u2019u 2-0 ma\u011flup ederek \u00fc\u00e7 puan\u0131n sahibi oldu. Tak\u0131m\u0131m\u0131z galibiyet gollerini 63. dakikada Dusan Tadic ve 81. dakikada Thalisson (K.K.) buldu. Ekibimiz bu galibiyetle puan\u0131n\u0131 16&#8217;ya \u00e7\u0131kard\u0131. \u0130kinci yar\u0131 oyuna giren Filip Kostic,&nbsp;Fenerbah\u00e7e formas\u0131yla ilk kez s\u00fcre ald\u0131.<\/p>\n\n\n\n<p>Fenerbah\u00e7emiz, UEFA Avrupa Ligi\u2019nin ikinci\u00a0haftas\u0131nda 3 Ekim Per\u015fembe g\u00fcn\u00fc deplasmanda Hollanda ekibi Twente\u2019ye konuk olacak.<\/p>\n\n\n<p><strong>Ma\u00e7tan dakikalar:\u00a0<\/strong><\/p>\n<p>2. dakikada Mert M\u00fcld\u00fcr&#8217;\u00fcn sa\u011f kanattan ortas\u0131nda kaleci Piric&#8217;in m\u00fcdahalesi sonras\u0131 arka direkten d\u00f6nen topa Szymanski dokundu. Kaleye giden me\u015fin yuvarla\u011f\u0131 Veysel Sar\u0131 \u00e7izgiden \u00e7\u0131kard\u0131.<\/p>\n<p>12. dakikada Kaluzinski&#8217;nin ceza alan\u0131 d\u0131\u015f\u0131 sol \u00e7aprazdan sert \u015futunda yan direkten d\u00f6nen topu kaleci Livakovic kontrol\u00fc alt\u0131na ald\u0131.<\/p>\n<p>19. dakikada Amrabat&#8217;\u0131n ceza alan\u0131 d\u0131\u015f\u0131ndan sert \u015futunda, me\u015fin yuvarlak az farkla \u00fcstten d\u0131\u015far\u0131ya gitti.<\/p>\n<p>41. dakikada Saint-Maximin&#8217;in ceza sahas\u0131 sol \u00e7aprazdan \u015futunda, kaleci Piric gole izin vermedi.<\/p>\n<p>45+2. dakikada Tadic&#8217;in pas\u0131nda topla bulu\u015fan Dzeko&#8217;nun ceza alan\u0131 sa\u011f \u00e7aprazdan \u015futunda, kaleci Piric me\u015fin yuvarla\u011f\u0131 iki hamlede kontrol etti.<\/p>\n<p>55. dakikada Townsend&#8217;in pas\u0131nda ceza sahas\u0131 \u00f6n\u00fcnde topla bulu\u015fan Kaluzinski&#8217;nin \u015futunda, top \u00fcstten auta \u00e7\u0131kt\u0131.<\/p>\n<p>63. dakikada Fred&#8217;in pas\u0131nda ceza sahas\u0131 sa\u011f \u00e7aprazda topla bulu\u015fan Tadic, me\u015fin yuvarla\u011f\u0131 kaleci Piric&#8217;in solundan a\u011flara g\u00f6nderdi: 0-1<\/p>\n<p>81. dakikada Kostic&#8217;in sol kanattan ceza sahas\u0131na ortas\u0131nda En-Nesyri&#8217;nin hareketlendi\u011fi top, Kelven&#8217;in y\u00fcz\u00fcne \u00e7arp\u0131p yak\u0131n k\u00f6\u015feden filelerle bulu\u015ftu: 0-2<\/p>\n<p>Kalan dakikalarda ba\u015fka gol olmad\u0131 ve Fenerbah\u00e7emiz m\u00fccadeleden 2-0 galip ayr\u0131ld\u0131.<\/p>","protected":false},"excerpt":{"rendered":"<p>Fenerbah\u00e7emiz, Trendyol S\u00fcper Lig\u2019in 7. haftas\u0131nda Corendon Airlines Park\u2019ta konuk oldu\u011fu Antalyaspor\u2019u 2-0 ma\u011flup ederek \u00fc\u00e7 puan\u0131n sahibi oldu. Tak\u0131m\u0131m\u0131z galibiyet gollerini 63. dakikada Dusan Tadic ve 81. dakikada Thalisson (K.K.) buldu. Ekibimiz bu galibiyetle puan\u0131n\u0131 16&#8217;ya \u00e7\u0131kard\u0131. \u0130kinci yar\u0131 oyuna giren Filip Kostic,&nbsp;Fenerbah\u00e7e formas\u0131yla ilk kez s\u00fcre ald\u0131. Fenerbah\u00e7emiz, UEFA Avrupa Ligi\u2019nin ikinci\u00a0haftas\u0131nda 3 [&hellip;]<\/p>\n","protected":false},"author":1,"featured_media":25536,"comment_status":"closed","ping_status":"closed","sticky":false,"template":"","format":"standard","meta":{"jnews-multi-image_gallery":[],"jnews_single_post":{"subtitle":"Fenerbah\u00e7e, S\u00fcper Lig\u2019in 7. haftas\u0131nda deplasmanda kar\u015f\u0131la\u015ft\u0131\u011f\u0131 Antalyaspor\u2019u 2-0 ma\u011flup etti.","format":"standard","video":"","gallery":"","source_name":"","source_url":"","via_name":"","via_url":"","override_template":"0","override":[{"template":"1","single_blog_custom":"","parallax":"1","fullscreen":"1","layout":"right-sidebar","sidebar":"mysidebar","second_sidebar":"default-sidebar","sticky_sidebar":"1","share_position":"float","share_float_style":"share-normal","show_share_counter":"1","show_view_counter":"1","show_featured":"1","show_post_meta":"1","show_post_author":"0","show_post_author_image":"1","show_post_date":"1","post_date_format":"default","post_date_format_custom":"Y\/m\/d","show_post_category":"0","show_post_reading_time":"0","post_reading_time_wpm":"300","show_zoom_button":"0","zoom_button_out_step":"2","zoom_button_in_step":"3","show_post_tag":"0","show_prev_next_post":"1","show_popup_post":"0","number_popup_post":"3","show_author_box":"0","show_post_related":"0","show_inline_post_related":"0"}],"override_image_size":"0","image_override":[{"single_post_thumbnail_size":"crop-500","single_post_gallery_size":"crop-500"}],"trending_post":"0","trending_post_position":"meta","trending_post_label":"Trending","sponsored_post":"0","sponsored_post_label":"Sponsored by","sponsored_post_name":"","sponsored_post_url":"","sponsored_post_logo_enable":"0","sponsored_post_logo":"","sponsored_post_desc":"","disable_ad":"0"},"jnews_primary_category":{"id":"4","hide":""},"jnews_social_meta":{"fb_title":"","fb_description":"","fb_image":"","twitter_title":"","twitter_description":"","twitter_image":""},"jnews_override_counter":{"override_view_counter":"0","view_counter_number":"0","override_share_counter":"0","share_counter_number":"0","override_like_counter":"0","like_counter_number":"0","override_dislike_counter":"0","dislike_counter_number":"0"},"footnotes":""},"categories":[4,2,47],"tags":[23,54],"class_list":["post-25535","post","type-post","status-publish","format-standard","has-post-thumbnail","hentry","category-futbol","category-haberler","category-profesyonel-a-futbol-takimi","tag-fenerbahce","tag-futbol"],"amp_enabled":true,"_links":{"self":[{"href":"https:\/\/www.fener.org\/index.php\/wp-json\/wp\/v2\/posts\/25535","targetHints":{"allow":["GET"]}}],"collection":[{"href":"https:\/\/www.fener.org\/index.php\/wp-json\/wp\/v2\/posts"}],"about":[{"href":"https:\/\/www.fener.org\/index.php\/wp-json\/wp\/v2\/types\/post"}],"author":[{"embeddable":true,"href":"https:\/\/www.fener.org\/index.php\/wp-json\/wp\/v2\/users\/1"}],"replies":[{"embeddable":true,"href":"https:\/\/www.fener.org\/index.php\/wp-json\/wp\/v2\/comments?post=25535"}],"version-history":[{"count":2,"href":"https:\/\/www.fener.org\/index.php\/wp-json\/wp\/v2\/posts\/25535\/revisions"}],"predecessor-version":[{"id":25539,"href":"https:\/\/www.fener.org\/index.php\/wp-json\/wp\/v2\/posts\/25535\/revisions\/25539"}],"wp:featuredmedia":[{"embeddable":true,"href":"https:\/\/www.fener.org\/index.php\/wp-json\/wp\/v2\/media\/25536"}],"wp:attachment":[{"href":"https:\/\/www.fener.org\/index.php\/wp-json\/wp\/v2\/media?parent=25535"}],"wp:term":[{"taxonomy":"category","embeddable":true,"href":"https:\/\/www.fener.org\/index.php\/wp-json\/wp\/v2\/categories?post=25535"},{"taxonomy":"post_tag","embeddable":true,"href":"https:\/\/www.fener.org\/index.php\/wp-json\/wp\/v2\/tags?post=25535"}],"curies":[{"name":"wp","href":"https:\/\/api.w.org\/{rel}","templated":true}]}}