{"id":25422,"date":"2024-09-16T17:45:00","date_gmt":"2024-09-16T14:45:00","guid":{"rendered":"https:\/\/www.fener.org\/?p=25422"},"modified":"2024-09-17T12:52:24","modified_gmt":"2024-09-17T09:52:24","slug":"kurekcilerimizden-balkan-kurek-sampiyonasinda-10-madalya","status":"publish","type":"post","link":"https:\/\/www.fener.org\/index.php\/2024\/09\/16\/kurekcilerimizden-balkan-kurek-sampiyonasinda-10-madalya\/","title":{"rendered":"K\u00fcrek\u00e7ilerimizden Balkan K\u00fcrek \u015eampiyonas\u0131\u2019nda 10 madalya"},"content":{"rendered":"\n<p>Edirne&#8217;nin ev sahipli\u011finde ger\u00e7ekle\u015ftirilen Balkan K\u00fcrek \u015eampiyonas\u0131\u2019nda Fenerbah\u00e7eli milli k\u00fcrek\u00e7ilerimiz 2&#8217;si alt\u0131n, 4&#8217;\u00fc g\u00fcm\u00fc\u015f, 4&#8217;\u00fc de bronz olmak \u00fczere 10 madalya kazand\u0131.<\/p>\n\n\n\n<p>Erkeklerde 19 Ya\u015f Alt\u0131 iki \u00e7iftede Baturalp Akdeniz ve Mehmet Y\u0131ld\u0131z ikilisi balkan \u015fampiyonu oldu. Baturalp Akdeniz ve Mehmet Y\u0131ld\u0131z ayr\u0131ca Muhammed Efe Y\u0131lmaz ve Erdem Ta\u015f ile birlikte 19 Ya\u015f Alt\u0131 4 \u00e7iftede alt\u0131n madalya elde etti.<\/p>\n\n\n\n<p>Yasin \u015een, Eren Akba\u015f, G\u00f6kmen Kaan Sezer ve Berat Kopal&#8217;dan olu\u015fan U19 4 tek ekibi g\u00fcm\u00fc\u015f madalya ald\u0131. Yasin \u015een, Eren Akba\u015f ve Ege Din\u00e7t\u00fcrk&#8217;\u00fcn yer ald\u0131\u011f\u0131 8 tek ekibi ise k\u00fcrs\u00fcn\u00fcn ikinci basama\u011f\u0131na \u00e7\u0131kt\u0131.<\/p>\n\n\n\n<p>Toygar Y\u0131lmaz, Muhammed Ali Acep ve Mehmet Eralp Akta\u015f&#8217;\u0131n da yer ald\u0131\u011f\u0131 U17 8 tek ekibi bronz madalya kazand\u0131.<\/p>\n\n\n\n<p>Kad\u0131nlarda U17 tek \u00e7itfede Derin Kumuk g\u00fcm\u00fc\u015f madalyaya ula\u015f\u0131rken, Ela Kasap, Ya\u011fmur Berkkam, Ece Erg\u00fcl, \u015eevval Ka\u00e7maz ve Eyl\u00fcl Deniz&#8217;in yer ald\u0131\u011f\u0131 U19 8 tek ekibi ikincilik elde etti.<\/p>\n\n\n\n<p>U19 4 tekte ve u19 iki tekte Livanur Tulun ve Ay\u015fe Mina \u00c7elebio\u011flu bronz madalya kazan\u0131rken, Alara Aleyna Tetik, U19 4 \u00e7ifte ekibiyle yar\u0131\u015f\u0131 \u00fc\u00e7\u00fcnc\u00fc tamamlad\u0131.<\/p>\n","protected":false},"excerpt":{"rendered":"<p>Edirne&#8217;nin ev sahipli\u011finde ger\u00e7ekle\u015ftirilen Balkan K\u00fcrek \u015eampiyonas\u0131\u2019nda Fenerbah\u00e7eli milli k\u00fcrek\u00e7ilerimiz 2&#8217;si alt\u0131n, 4&#8217;\u00fc g\u00fcm\u00fc\u015f, 4&#8217;\u00fc de bronz olmak \u00fczere 10 madalya kazand\u0131. Erkeklerde 19 Ya\u015f Alt\u0131 iki \u00e7iftede Baturalp Akdeniz ve Mehmet Y\u0131ld\u0131z ikilisi balkan \u015fampiyonu oldu. Baturalp Akdeniz ve Mehmet Y\u0131ld\u0131z ayr\u0131ca Muhammed Efe Y\u0131lmaz ve Erdem Ta\u015f ile birlikte 19 Ya\u015f Alt\u0131 4 [&hellip;]<\/p>\n","protected":false},"author":1,"featured_media":25423,"comment_status":"closed","ping_status":"closed","sticky":false,"template":"","format":"standard","meta":{"jnews-multi-image_gallery":[],"jnews_single_post":{"subtitle":"","format":"standard","video":"","gallery":"","source_name":"","source_url":"","via_name":"","via_url":"","override_template":"0","override":[{"template":"1","single_blog_custom":"","parallax":"1","fullscreen":"1","layout":"right-sidebar","sidebar":"mysidebar","second_sidebar":"default-sidebar","sticky_sidebar":"1","share_position":"float","share_float_style":"share-normal","show_share_counter":"1","show_view_counter":"1","show_featured":"1","show_post_meta":"1","show_post_author":"0","show_post_author_image":"1","show_post_date":"1","post_date_format":"default","post_date_format_custom":"Y\/m\/d","show_post_category":"0","show_post_reading_time":"0","post_reading_time_wpm":"300","show_zoom_button":"0","zoom_button_out_step":"2","zoom_button_in_step":"3","show_post_tag":"0","show_prev_next_post":"1","show_popup_post":"0","number_popup_post":"3","show_author_box":"0","show_post_related":"0","show_inline_post_related":"0"}],"override_image_size":"0","image_override":[{"single_post_thumbnail_size":"crop-500","single_post_gallery_size":"crop-500"}],"trending_post":"0","trending_post_position":"meta","trending_post_label":"Trending","sponsored_post":"0","sponsored_post_label":"Sponsored by","sponsored_post_name":"","sponsored_post_url":"","sponsored_post_logo_enable":"0","sponsored_post_logo":"","sponsored_post_desc":"","disable_ad":"0"},"jnews_primary_category":{"id":"11","hide":""},"jnews_social_meta":{"fb_title":"","fb_description":"","fb_image":"","twitter_title":"","twitter_description":"","twitter_image":""},"jnews_override_counter":{"override_view_counter":"0","view_counter_number":"0","override_share_counter":"0","share_counter_number":"0","override_like_counter":"0","like_counter_number":"0","override_dislike_counter":"0","dislike_counter_number":"0"},"footnotes":""},"categories":[2,11],"tags":[23,30],"class_list":["post-25422","post","type-post","status-publish","format-standard","has-post-thumbnail","hentry","category-haberler","category-kurek","tag-fenerbahce","tag-kurek"],"amp_enabled":true,"_links":{"self":[{"href":"https:\/\/www.fener.org\/index.php\/wp-json\/wp\/v2\/posts\/25422","targetHints":{"allow":["GET"]}}],"collection":[{"href":"https:\/\/www.fener.org\/index.php\/wp-json\/wp\/v2\/posts"}],"about":[{"href":"https:\/\/www.fener.org\/index.php\/wp-json\/wp\/v2\/types\/post"}],"author":[{"embeddable":true,"href":"https:\/\/www.fener.org\/index.php\/wp-json\/wp\/v2\/users\/1"}],"replies":[{"embeddable":true,"href":"https:\/\/www.fener.org\/index.php\/wp-json\/wp\/v2\/comments?post=25422"}],"version-history":[{"count":1,"href":"https:\/\/www.fener.org\/index.php\/wp-json\/wp\/v2\/posts\/25422\/revisions"}],"predecessor-version":[{"id":25424,"href":"https:\/\/www.fener.org\/index.php\/wp-json\/wp\/v2\/posts\/25422\/revisions\/25424"}],"wp:featuredmedia":[{"embeddable":true,"href":"https:\/\/www.fener.org\/index.php\/wp-json\/wp\/v2\/media\/25423"}],"wp:attachment":[{"href":"https:\/\/www.fener.org\/index.php\/wp-json\/wp\/v2\/media?parent=25422"}],"wp:term":[{"taxonomy":"category","embeddable":true,"href":"https:\/\/www.fener.org\/index.php\/wp-json\/wp\/v2\/categories?post=25422"},{"taxonomy":"post_tag","embeddable":true,"href":"https:\/\/www.fener.org\/index.php\/wp-json\/wp\/v2\/tags?post=25422"}],"curies":[{"name":"wp","href":"https:\/\/api.w.org\/{rel}","templated":true}]}}