{"id":25348,"date":"2024-09-08T21:26:13","date_gmt":"2024-09-08T18:26:13","guid":{"rendered":"https:\/\/www.fener.org\/?p=25348"},"modified":"2024-09-08T21:26:19","modified_gmt":"2024-09-08T18:26:19","slug":"fenerbahce-filip-kostici-duyurdu","status":"publish","type":"post","link":"https:\/\/www.fener.org\/index.php\/2024\/09\/08\/fenerbahce-filip-kostici-duyurdu\/","title":{"rendered":"Fenerbah\u00e7e, Filip Kostic&#8217;i duyurdu"},"content":{"rendered":"\n<p>Fenerbah\u00e7emiz, Juventus formas\u0131 giyen S\u0131rp y\u0131ld\u0131z Filip Kostic ile kiral\u0131k transferi konusunda prensip anla\u015fmas\u0131na var\u0131ld\u0131\u011f\u0131n\u0131 a\u00e7\u0131klad\u0131.<\/p>\n\n\n\n<p>31 ya\u015f\u0131ndaki oyuncu, Juventus formas\u0131yla ge\u00e7irdi\u011fi 2 sezonda toplamda 87 ma\u00e7a \u00e7\u0131kt\u0131. 31 ya\u015f\u0131ndaki futbolcu, 3 gol ve 15 asistlik performansa imza att\u0131.<\/p>\n\n\n\n<p>G\u00fcncel piyasa de\u011feri 6.5 milyon euro olarak g\u00f6sterilen Filip Kostic&#8217;in kul\u00fcb\u00fc Juventus ile s\u00f6zle\u015fmesi 2026 y\u0131l\u0131na kadar devam ediyor.<\/p>\n\n\n\n<p>Kul\u00fcb\u00fcm\u00fcz\u00fcn resmi sitesinde yay\u0131nlanan a\u00e7\u0131klamada \u015f\u00f6yle denildi:<\/p>\n\n\n\n<blockquote class=\"wp-block-quote is-layout-flow wp-block-quote-is-layout-flow\">\n<p>Kul\u00fcb\u00fcm\u00fcz Filip Kostic\u2019in kiral\u0131k transferi konusunda kul\u00fcb\u00fc Juventus FC ve oyuncu ile prensip anla\u015fmas\u0131na varm\u0131\u015ft\u0131r. Kostic sa\u011fl\u0131k kontrolleri ve ileri transfer g\u00f6r\u00fc\u015fmeleri i\u00e7in \u0130stanbul\u2019a davet edilmi\u015ftir.<br>\u00a0<br><strong>Fenerbah\u00e7e Spor Kul\u00fcb\u00fc<\/strong><\/p>\n<\/blockquote>\n","protected":false},"excerpt":{"rendered":"<p>Fenerbah\u00e7emiz, Juventus formas\u0131 giyen S\u0131rp y\u0131ld\u0131z Filip Kostic ile kiral\u0131k transferi konusunda prensip anla\u015fmas\u0131na var\u0131ld\u0131\u011f\u0131n\u0131 a\u00e7\u0131klad\u0131. 31 ya\u015f\u0131ndaki oyuncu, Juventus formas\u0131yla ge\u00e7irdi\u011fi 2 sezonda toplamda 87 ma\u00e7a \u00e7\u0131kt\u0131. 31 ya\u015f\u0131ndaki futbolcu, 3 gol ve 15 asistlik performansa imza att\u0131. G\u00fcncel piyasa de\u011feri 6.5 milyon euro olarak g\u00f6sterilen Filip Kostic&#8217;in kul\u00fcb\u00fc Juventus ile s\u00f6zle\u015fmesi 2026 y\u0131l\u0131na [&hellip;]<\/p>\n","protected":false},"author":1,"featured_media":25349,"comment_status":"closed","ping_status":"closed","sticky":false,"template":"","format":"standard","meta":{"jnews-multi-image_gallery":[],"jnews_single_post":{"subtitle":"Fenerbah\u00e7e, Filip Kostic\u2019in kiral\u0131k transferi konusunda Juventus ile anla\u015fmaya vard\u0131\u011f\u0131n\u0131 duyurdu.","format":"standard","video":"","gallery":"","source_name":"","source_url":"","via_name":"","via_url":"","override_template":"0","override":[{"template":"1","single_blog_custom":"","parallax":"1","fullscreen":"1","layout":"right-sidebar","sidebar":"mysidebar","second_sidebar":"default-sidebar","sticky_sidebar":"1","share_position":"float","share_float_style":"share-normal","show_share_counter":"1","show_view_counter":"1","show_featured":"1","show_post_meta":"1","show_post_author":"0","show_post_author_image":"1","show_post_date":"1","post_date_format":"default","post_date_format_custom":"Y\/m\/d","show_post_category":"0","show_post_reading_time":"0","post_reading_time_wpm":"300","show_zoom_button":"0","zoom_button_out_step":"2","zoom_button_in_step":"3","show_post_tag":"0","show_prev_next_post":"1","show_popup_post":"0","number_popup_post":"3","show_author_box":"0","show_post_related":"0","show_inline_post_related":"0"}],"override_image_size":"0","image_override":[{"single_post_thumbnail_size":"crop-500","single_post_gallery_size":"crop-500"}],"trending_post":"0","trending_post_position":"meta","trending_post_label":"Trending","sponsored_post":"0","sponsored_post_label":"Sponsored by","sponsored_post_name":"","sponsored_post_url":"","sponsored_post_logo_enable":"0","sponsored_post_logo":"","sponsored_post_desc":"","disable_ad":"0"},"jnews_primary_category":{"id":"4","hide":""},"jnews_social_meta":{"fb_title":"","fb_description":"","fb_image":"","twitter_title":"","twitter_description":"","twitter_image":""},"jnews_override_counter":{"override_view_counter":"0","view_counter_number":"0","override_share_counter":"0","share_counter_number":"0","override_like_counter":"0","like_counter_number":"0","override_dislike_counter":"0","dislike_counter_number":"0"},"footnotes":""},"categories":[4,2,47],"tags":[23,54],"class_list":["post-25348","post","type-post","status-publish","format-standard","has-post-thumbnail","hentry","category-futbol","category-haberler","category-profesyonel-a-futbol-takimi","tag-fenerbahce","tag-futbol"],"amp_enabled":true,"_links":{"self":[{"href":"https:\/\/www.fener.org\/index.php\/wp-json\/wp\/v2\/posts\/25348","targetHints":{"allow":["GET"]}}],"collection":[{"href":"https:\/\/www.fener.org\/index.php\/wp-json\/wp\/v2\/posts"}],"about":[{"href":"https:\/\/www.fener.org\/index.php\/wp-json\/wp\/v2\/types\/post"}],"author":[{"embeddable":true,"href":"https:\/\/www.fener.org\/index.php\/wp-json\/wp\/v2\/users\/1"}],"replies":[{"embeddable":true,"href":"https:\/\/www.fener.org\/index.php\/wp-json\/wp\/v2\/comments?post=25348"}],"version-history":[{"count":1,"href":"https:\/\/www.fener.org\/index.php\/wp-json\/wp\/v2\/posts\/25348\/revisions"}],"predecessor-version":[{"id":25350,"href":"https:\/\/www.fener.org\/index.php\/wp-json\/wp\/v2\/posts\/25348\/revisions\/25350"}],"wp:featuredmedia":[{"embeddable":true,"href":"https:\/\/www.fener.org\/index.php\/wp-json\/wp\/v2\/media\/25349"}],"wp:attachment":[{"href":"https:\/\/www.fener.org\/index.php\/wp-json\/wp\/v2\/media?parent=25348"}],"wp:term":[{"taxonomy":"category","embeddable":true,"href":"https:\/\/www.fener.org\/index.php\/wp-json\/wp\/v2\/categories?post=25348"},{"taxonomy":"post_tag","embeddable":true,"href":"https:\/\/www.fener.org\/index.php\/wp-json\/wp\/v2\/tags?post=25348"}],"curies":[{"name":"wp","href":"https:\/\/api.w.org\/{rel}","templated":true}]}}