{"id":25215,"date":"2024-08-18T12:40:17","date_gmt":"2024-08-18T09:40:17","guid":{"rendered":"https:\/\/www.fener.org\/?p=25215"},"modified":"2024-08-18T12:40:26","modified_gmt":"2024-08-18T09:40:26","slug":"kurekcilerimiz-sanmar-gencler-turkiye-sampiyonasinda-4-birincilik-2-ikincilik-elde-etti","status":"publish","type":"post","link":"https:\/\/www.fener.org\/index.php\/2024\/08\/18\/kurekcilerimiz-sanmar-gencler-turkiye-sampiyonasinda-4-birincilik-2-ikincilik-elde-etti\/","title":{"rendered":"K\u00fcrek\u00e7ilerimiz Sanmar Gen\u00e7ler T\u00fcrkiye \u015eampiyonas\u0131\u2019nda 4 birincilik, 2 ikincilik elde etti"},"content":{"rendered":"\n<p>Fenerbah\u00e7e K\u00fcrek \u015eubemiz, Sanmar Denizcilik Gen\u00e7ler T\u00fcrkiye K\u00fcrek \u015eampiyonas\u0131\u2019nda 6 kategorinin d\u00f6rd\u00fcnde \u015fampiyon oldu.<\/p>\n\n\n\n<p>Edirne Meri\u00e7 Nehri\u2019nde 16-17-18 A\u011fustos tarihleri aras\u0131nda ger\u00e7ekle\u015fen Sanmar Denizcilik Gen\u00e7ler T\u00fcrkiye \u015eampiyonas\u0131\u2019nda Fenerbah\u00e7e K\u00fcrek \u015eubemiz, U15-U17-U19 kad\u0131nlar ve erkekler kategorilerinde yar\u0131\u015ft\u0131.<\/p>\n\n\n\n<p>Sporcular\u0131m\u0131z U15 Erkekler, U15 Kad\u0131nlar, U17 Kad\u0131nlar ve U17 Erkeklerde \u015fampiyon, U19 Kad\u0131n ve U19 Erkeklerde ikinci oldu.<\/p>\n","protected":false},"excerpt":{"rendered":"<p>Fenerbah\u00e7e K\u00fcrek \u015eubemiz, Sanmar Denizcilik Gen\u00e7ler T\u00fcrkiye K\u00fcrek \u015eampiyonas\u0131\u2019nda 6 kategorinin d\u00f6rd\u00fcnde \u015fampiyon oldu. Edirne Meri\u00e7 Nehri\u2019nde 16-17-18 A\u011fustos tarihleri aras\u0131nda ger\u00e7ekle\u015fen Sanmar Denizcilik Gen\u00e7ler T\u00fcrkiye \u015eampiyonas\u0131\u2019nda Fenerbah\u00e7e K\u00fcrek \u015eubemiz, U15-U17-U19 kad\u0131nlar ve erkekler kategorilerinde yar\u0131\u015ft\u0131. Sporcular\u0131m\u0131z U15 Erkekler, U15 Kad\u0131nlar, U17 Kad\u0131nlar ve U17 Erkeklerde \u015fampiyon, U19 Kad\u0131n ve U19 Erkeklerde ikinci oldu.<\/p>\n","protected":false},"author":1,"featured_media":1283,"comment_status":"closed","ping_status":"closed","sticky":false,"template":"","format":"standard","meta":{"jnews-multi-image_gallery":[],"jnews_single_post":{"subtitle":"","format":"standard","video":"","gallery":"","source_name":"","source_url":"","via_name":"","via_url":"","override_template":"0","override":[{"template":"1","single_blog_custom":"","parallax":"1","fullscreen":"1","layout":"right-sidebar","sidebar":"mysidebar","second_sidebar":"default-sidebar","sticky_sidebar":"1","share_position":"float","share_float_style":"share-normal","show_share_counter":"1","show_view_counter":"1","show_featured":"1","show_post_meta":"1","show_post_author":"0","show_post_author_image":"1","show_post_date":"1","post_date_format":"default","post_date_format_custom":"Y\/m\/d","show_post_category":"0","show_post_reading_time":"0","post_reading_time_wpm":"300","show_zoom_button":"0","zoom_button_out_step":"2","zoom_button_in_step":"3","show_post_tag":"0","show_prev_next_post":"1","show_popup_post":"0","number_popup_post":"3","show_author_box":"0","show_post_related":"0","show_inline_post_related":"0"}],"override_image_size":"0","image_override":[{"single_post_thumbnail_size":"crop-500","single_post_gallery_size":"crop-500"}],"trending_post":"0","trending_post_position":"meta","trending_post_label":"Trending","sponsored_post":"0","sponsored_post_label":"Sponsored by","sponsored_post_name":"","sponsored_post_url":"","sponsored_post_logo_enable":"0","sponsored_post_logo":"","sponsored_post_desc":"","disable_ad":"0"},"jnews_primary_category":{"id":"11","hide":""},"jnews_social_meta":{"fb_title":"","fb_description":"","fb_image":"","twitter_title":"","twitter_description":"","twitter_image":""},"jnews_override_counter":{"override_view_counter":"0","view_counter_number":"0","override_share_counter":"0","share_counter_number":"0","override_like_counter":"0","like_counter_number":"0","override_dislike_counter":"0","dislike_counter_number":"0"},"footnotes":""},"categories":[2,11],"tags":[23,30],"class_list":["post-25215","post","type-post","status-publish","format-standard","has-post-thumbnail","hentry","category-haberler","category-kurek","tag-fenerbahce","tag-kurek"],"amp_enabled":true,"_links":{"self":[{"href":"https:\/\/www.fener.org\/index.php\/wp-json\/wp\/v2\/posts\/25215","targetHints":{"allow":["GET"]}}],"collection":[{"href":"https:\/\/www.fener.org\/index.php\/wp-json\/wp\/v2\/posts"}],"about":[{"href":"https:\/\/www.fener.org\/index.php\/wp-json\/wp\/v2\/types\/post"}],"author":[{"embeddable":true,"href":"https:\/\/www.fener.org\/index.php\/wp-json\/wp\/v2\/users\/1"}],"replies":[{"embeddable":true,"href":"https:\/\/www.fener.org\/index.php\/wp-json\/wp\/v2\/comments?post=25215"}],"version-history":[{"count":1,"href":"https:\/\/www.fener.org\/index.php\/wp-json\/wp\/v2\/posts\/25215\/revisions"}],"predecessor-version":[{"id":25216,"href":"https:\/\/www.fener.org\/index.php\/wp-json\/wp\/v2\/posts\/25215\/revisions\/25216"}],"wp:featuredmedia":[{"embeddable":true,"href":"https:\/\/www.fener.org\/index.php\/wp-json\/wp\/v2\/media\/1283"}],"wp:attachment":[{"href":"https:\/\/www.fener.org\/index.php\/wp-json\/wp\/v2\/media?parent=25215"}],"wp:term":[{"taxonomy":"category","embeddable":true,"href":"https:\/\/www.fener.org\/index.php\/wp-json\/wp\/v2\/categories?post=25215"},{"taxonomy":"post_tag","embeddable":true,"href":"https:\/\/www.fener.org\/index.php\/wp-json\/wp\/v2\/tags?post=25215"}],"curies":[{"name":"wp","href":"https:\/\/api.w.org\/{rel}","templated":true}]}}