{"id":25185,"date":"2024-08-12T23:58:34","date_gmt":"2024-08-12T20:58:34","guid":{"rendered":"https:\/\/www.fener.org\/?p=25185"},"modified":"2024-08-12T23:58:42","modified_gmt":"2024-08-12T20:58:42","slug":"fenerbahce-sampiyonlar-ligi-3-eleme-turu-rovans-macinda-losc-lillei-konuk-ediyor","status":"publish","type":"post","link":"https:\/\/www.fener.org\/index.php\/2024\/08\/12\/fenerbahce-sampiyonlar-ligi-3-eleme-turu-rovans-macinda-losc-lillei-konuk-ediyor\/","title":{"rendered":"Fenerbah\u00e7e, \u015eampiyonlar Ligi 3. eleme turu r\u00f6van\u015f ma\u00e7\u0131nda LOSC Lille\u2019i konuk ediyor"},"content":{"rendered":"\n<p>Fenerbah\u00e7emiz, UEFA \u015eampiyonlar Ligi 3. \u00f6n eleme turu r\u00f6van\u015f ma\u00e7\u0131nda 13 A\u011fustos Sal\u0131 g\u00fcn\u00fc (yar\u0131n) \u00dclker Stadyumu Fenerbah\u00e7e \u015e\u00fckr\u00fc Saraco\u011flu Spor Kompleksi\u2019nde Fransa\u2019n\u0131n LOSC Lille tak\u0131m\u0131n\u0131 konuk edecek. Kar\u015f\u0131la\u015fma 20.00\u2019da ba\u015flayacak ve EXXEN\u2019den yay\u0131nlanacak. M\u00fccadeleyi \u0130spanya Futbol Federasyonu\u2019ndan Jos\u00e9 Mar\u00eda S\u00e1nchez y\u00f6netecek.<\/p>\n\n\n\n<p>Deplasmandaki ilk ma\u00e7tan 2-1 ma\u011flup ayr\u0131lan Fenerbah\u00e7emiz, iki farkl\u0131 galibiyette ad\u0131n\u0131 bir \u00fcst tura yazd\u0131racak. Tek farkl\u0131 galibiyetimiz halinde uzatmalara gidecek m\u00fcsabaka, beraberlik ve ma\u011flubiyet halinde ise turu LOSC Lille ge\u00e7ecek.<\/p>\n\n\n\n<p>Avrupa kupalar\u0131ndaki 274. s\u0131nav\u0131na \u00e7\u0131kacak Fenerbah\u00e7emiz, geride kalan 273 m\u00fccadelede 109 galibiyet, 55 beraberlik, 109 ma\u011flubiyet ald\u0131. Ekibimiz rakip fileleri 373 kez havaland\u0131r\u0131rken, kalesinde 390 gol g\u00f6rd\u00fc.<\/p>\n\n\n\n<p>Ekibimiz, Lille&#8217;i saf d\u0131\u015f\u0131 b\u0131rakmas\u0131 halinde Play-off turunda Slavia Prag &#8211; Union Saint-Gilloise ma\u00e7\u0131n\u0131n galibiyle kar\u015f\u0131 kar\u015f\u0131ya gelecek.<\/p>\n","protected":false},"excerpt":{"rendered":"<p>Fenerbah\u00e7emiz, UEFA \u015eampiyonlar Ligi 3. \u00f6n eleme turu r\u00f6van\u015f ma\u00e7\u0131nda 13 A\u011fustos Sal\u0131 g\u00fcn\u00fc (yar\u0131n) \u00dclker Stadyumu Fenerbah\u00e7e \u015e\u00fckr\u00fc Saraco\u011flu Spor Kompleksi\u2019nde Fransa\u2019n\u0131n LOSC Lille tak\u0131m\u0131n\u0131 konuk edecek. Kar\u015f\u0131la\u015fma 20.00\u2019da ba\u015flayacak ve EXXEN\u2019den yay\u0131nlanacak. M\u00fccadeleyi \u0130spanya Futbol Federasyonu\u2019ndan Jos\u00e9 Mar\u00eda S\u00e1nchez y\u00f6netecek. Deplasmandaki ilk ma\u00e7tan 2-1 ma\u011flup ayr\u0131lan Fenerbah\u00e7emiz, iki farkl\u0131 galibiyette ad\u0131n\u0131 bir \u00fcst [&hellip;]<\/p>\n","protected":false},"author":1,"featured_media":25093,"comment_status":"closed","ping_status":"closed","sticky":false,"template":"","format":"standard","meta":{"jnews-multi-image_gallery":[],"jnews_single_post":{"subtitle":"Fenerbah\u00e7e, UEFA \u015eampiyonlar Ligi 3. \u00f6n eleme turu r\u00f6van\u015f ma\u00e7\u0131nda sahas\u0131nda Lille ile kar\u015f\u0131la\u015f\u0131yor.","format":"standard","video":"","gallery":"","source_name":"","source_url":"","via_name":"","via_url":"","override_template":"0","override":[{"template":"1","single_blog_custom":"","parallax":"1","fullscreen":"1","layout":"right-sidebar","sidebar":"mysidebar","second_sidebar":"default-sidebar","sticky_sidebar":"1","share_position":"float","share_float_style":"share-normal","show_share_counter":"1","show_view_counter":"1","show_featured":"1","show_post_meta":"1","show_post_author":"0","show_post_author_image":"1","show_post_date":"1","post_date_format":"default","post_date_format_custom":"Y\/m\/d","show_post_category":"0","show_post_reading_time":"0","post_reading_time_wpm":"300","show_zoom_button":"0","zoom_button_out_step":"2","zoom_button_in_step":"3","show_post_tag":"0","show_prev_next_post":"1","show_popup_post":"0","number_popup_post":"3","show_author_box":"0","show_post_related":"0","show_inline_post_related":"0"}],"override_image_size":"0","image_override":[{"single_post_thumbnail_size":"crop-500","single_post_gallery_size":"crop-500"}],"trending_post":"0","trending_post_position":"meta","trending_post_label":"Trending","sponsored_post":"0","sponsored_post_label":"Sponsored by","sponsored_post_name":"","sponsored_post_url":"","sponsored_post_logo_enable":"0","sponsored_post_logo":"","sponsored_post_desc":"","disable_ad":"0"},"jnews_primary_category":{"id":"4","hide":""},"jnews_social_meta":{"fb_title":"","fb_description":"","fb_image":"","twitter_title":"","twitter_description":"","twitter_image":""},"jnews_override_counter":{"override_view_counter":"0","view_counter_number":"0","override_share_counter":"0","share_counter_number":"0","override_like_counter":"0","like_counter_number":"0","override_dislike_counter":"0","dislike_counter_number":"0"},"footnotes":""},"categories":[4,2,47],"tags":[23,54],"class_list":["post-25185","post","type-post","status-publish","format-standard","has-post-thumbnail","hentry","category-futbol","category-haberler","category-profesyonel-a-futbol-takimi","tag-fenerbahce","tag-futbol"],"amp_enabled":true,"_links":{"self":[{"href":"https:\/\/www.fener.org\/index.php\/wp-json\/wp\/v2\/posts\/25185","targetHints":{"allow":["GET"]}}],"collection":[{"href":"https:\/\/www.fener.org\/index.php\/wp-json\/wp\/v2\/posts"}],"about":[{"href":"https:\/\/www.fener.org\/index.php\/wp-json\/wp\/v2\/types\/post"}],"author":[{"embeddable":true,"href":"https:\/\/www.fener.org\/index.php\/wp-json\/wp\/v2\/users\/1"}],"replies":[{"embeddable":true,"href":"https:\/\/www.fener.org\/index.php\/wp-json\/wp\/v2\/comments?post=25185"}],"version-history":[{"count":1,"href":"https:\/\/www.fener.org\/index.php\/wp-json\/wp\/v2\/posts\/25185\/revisions"}],"predecessor-version":[{"id":25186,"href":"https:\/\/www.fener.org\/index.php\/wp-json\/wp\/v2\/posts\/25185\/revisions\/25186"}],"wp:featuredmedia":[{"embeddable":true,"href":"https:\/\/www.fener.org\/index.php\/wp-json\/wp\/v2\/media\/25093"}],"wp:attachment":[{"href":"https:\/\/www.fener.org\/index.php\/wp-json\/wp\/v2\/media?parent=25185"}],"wp:term":[{"taxonomy":"category","embeddable":true,"href":"https:\/\/www.fener.org\/index.php\/wp-json\/wp\/v2\/categories?post=25185"},{"taxonomy":"post_tag","embeddable":true,"href":"https:\/\/www.fener.org\/index.php\/wp-json\/wp\/v2\/tags?post=25185"}],"curies":[{"name":"wp","href":"https:\/\/api.w.org\/{rel}","templated":true}]}}