{"id":25171,"date":"2024-08-09T23:35:22","date_gmt":"2024-08-09T20:35:22","guid":{"rendered":"https:\/\/www.fener.org\/?p=25171"},"modified":"2024-08-09T23:35:31","modified_gmt":"2024-08-09T20:35:31","slug":"boksorumuz-buse-naz-cakiroglundan-gumus-madalya","status":"publish","type":"post","link":"https:\/\/www.fener.org\/index.php\/2024\/08\/09\/boksorumuz-buse-naz-cakiroglundan-gumus-madalya\/","title":{"rendered":"Boks\u00f6r\u00fcm\u00fcz Buse Naz \u00c7ak\u0131ro\u011flu&#8217;ndan g\u00fcm\u00fc\u015f madalya"},"content":{"rendered":"\n<p>T\u00fcrkiye&#8217;nin Olimpiyatlara kota kazanan ilk kad\u0131n boks\u00f6r\u00fc olarak ad\u0131n\u0131 tarihe alt\u0131n harflerle yazd\u0131ran D\u00fcnya ve Avrupa \u015eampiyonu mili boks\u00f6r\u00fcm\u00fcz Buse Naz \u00c7ak\u0131ro\u011flu, 50kg final m\u00fccadelesinde \u00c7inli rakibi Yu Wu\u2019ya ma\u011flup olarak g\u00fcm\u00fc\u015f madalyan\u0131n sahibi oldu.<\/p>\n\n\n\n<p>28 ya\u015f\u0131ndaki sporcumuz son 16 turunda Meksikal\u0131 rakibi Fatima Herrera\u2019y\u0131 5-0, \u00e7eyrek finalde Pihla Kaivo-Oja\u2019y\u0131 5-0 yenerek yar\u0131 finale y\u00fckseldi. Yar\u0131 finalde Filipinli rakibi Aira Villegas\u2019a 5-0\u2019l\u0131k \u00fcst\u00fcnl\u00fck kurarak ad\u0131n\u0131 Paris\u2019te finale yazd\u0131ran son Olimpiyat ikincisi, D\u00fcnya ve Avrupa \u015fampiyonu boks\u00f6r\u00fcm\u00fcz Buse Nur \u00c7ak\u0131ro\u011flu, finalde ise \u00c7inli rakibi Yu Wu ile kar\u015f\u0131la\u015ft\u0131. Sporcumuz, Roland-Garros&#8217;taki final kar\u015f\u0131la\u015fmas\u0131nda ilk raundu 4-1, ikinci raundu 4-1, \u00fc\u00e7\u00fcnc\u00fc raundu da 5-0 kaybederek toplamda 4-1&#8217;lik skorla ma\u011flup oldu.<\/p>\n\n\n\n<p>Buse Naz \u00c7ak\u0131ro\u011flu, Paris 2024 Olimpiyat Oyunlar\u0131&#8217;nda T\u00fcrkiye&#8217;nin \u00fc\u00e7\u00fcnc\u00fc g\u00fcm\u00fc\u015f madalyas\u0131n\u0131 kazand\u0131 ve Olimpiyatlar tarihinde boksta 2 madalya kazanan tek sporcu olarak tarihe ge\u00e7ti.<\/p>\n","protected":false},"excerpt":{"rendered":"<p>T\u00fcrkiye&#8217;nin Olimpiyatlara kota kazanan ilk kad\u0131n boks\u00f6r\u00fc olarak ad\u0131n\u0131 tarihe alt\u0131n harflerle yazd\u0131ran D\u00fcnya ve Avrupa \u015eampiyonu mili boks\u00f6r\u00fcm\u00fcz Buse Naz \u00c7ak\u0131ro\u011flu, 50kg final m\u00fccadelesinde \u00c7inli rakibi Yu Wu\u2019ya ma\u011flup olarak g\u00fcm\u00fc\u015f madalyan\u0131n sahibi oldu. 28 ya\u015f\u0131ndaki sporcumuz son 16 turunda Meksikal\u0131 rakibi Fatima Herrera\u2019y\u0131 5-0, \u00e7eyrek finalde Pihla Kaivo-Oja\u2019y\u0131 5-0 yenerek yar\u0131 finale y\u00fckseldi. [&hellip;]<\/p>\n","protected":false},"author":1,"featured_media":25172,"comment_status":"closed","ping_status":"closed","sticky":false,"template":"","format":"standard","meta":{"jnews-multi-image_gallery":[],"jnews_single_post":{"subtitle":"Paris 2024 Olimpiyat Oyunlar\u0131'nda m\u00fccadele eden milli boks\u00f6r\u00fcm\u00fcz Buse Naz \u00c7ak\u0131ro\u011flu, 50kg final m\u00fccadelesinde \u00c7inli rakibi Yu Wu\u2019ya ma\u011flup olarak g\u00fcm\u00fc\u015f madalyan\u0131n sahibi oldu.","format":"standard","video":"","gallery":"","source_name":"","source_url":"","via_name":"","via_url":"","override_template":"0","override":[{"template":"1","single_blog_custom":"","parallax":"1","fullscreen":"1","layout":"right-sidebar","sidebar":"mysidebar","second_sidebar":"default-sidebar","sticky_sidebar":"1","share_position":"float","share_float_style":"share-normal","show_share_counter":"1","show_view_counter":"1","show_featured":"1","show_post_meta":"1","show_post_author":"0","show_post_author_image":"1","show_post_date":"1","post_date_format":"default","post_date_format_custom":"Y\/m\/d","show_post_category":"0","show_post_reading_time":"0","post_reading_time_wpm":"300","show_zoom_button":"0","zoom_button_out_step":"2","zoom_button_in_step":"3","show_post_tag":"0","show_prev_next_post":"1","show_popup_post":"0","number_popup_post":"3","show_author_box":"0","show_post_related":"0","show_inline_post_related":"0"}],"override_image_size":"0","image_override":[{"single_post_thumbnail_size":"crop-500","single_post_gallery_size":"crop-500"}],"trending_post":"0","trending_post_position":"meta","trending_post_label":"Trending","sponsored_post":"0","sponsored_post_label":"Sponsored by","sponsored_post_name":"","sponsored_post_url":"","sponsored_post_logo_enable":"0","sponsored_post_logo":"","sponsored_post_desc":"","disable_ad":"0"},"jnews_primary_category":{"id":"15","hide":""},"jnews_social_meta":{"fb_title":"","fb_description":"","fb_image":"","twitter_title":"","twitter_description":"","twitter_image":""},"jnews_override_counter":{"override_view_counter":"0","view_counter_number":"0","override_share_counter":"0","share_counter_number":"0","override_like_counter":"0","like_counter_number":"0","override_dislike_counter":"0","dislike_counter_number":"0"},"footnotes":""},"categories":[15,2],"tags":[34,23],"class_list":["post-25171","post","type-post","status-publish","format-standard","has-post-thumbnail","hentry","category-boks","category-haberler","tag-boks","tag-fenerbahce"],"amp_enabled":true,"_links":{"self":[{"href":"https:\/\/www.fener.org\/index.php\/wp-json\/wp\/v2\/posts\/25171","targetHints":{"allow":["GET"]}}],"collection":[{"href":"https:\/\/www.fener.org\/index.php\/wp-json\/wp\/v2\/posts"}],"about":[{"href":"https:\/\/www.fener.org\/index.php\/wp-json\/wp\/v2\/types\/post"}],"author":[{"embeddable":true,"href":"https:\/\/www.fener.org\/index.php\/wp-json\/wp\/v2\/users\/1"}],"replies":[{"embeddable":true,"href":"https:\/\/www.fener.org\/index.php\/wp-json\/wp\/v2\/comments?post=25171"}],"version-history":[{"count":1,"href":"https:\/\/www.fener.org\/index.php\/wp-json\/wp\/v2\/posts\/25171\/revisions"}],"predecessor-version":[{"id":25173,"href":"https:\/\/www.fener.org\/index.php\/wp-json\/wp\/v2\/posts\/25171\/revisions\/25173"}],"wp:featuredmedia":[{"embeddable":true,"href":"https:\/\/www.fener.org\/index.php\/wp-json\/wp\/v2\/media\/25172"}],"wp:attachment":[{"href":"https:\/\/www.fener.org\/index.php\/wp-json\/wp\/v2\/media?parent=25171"}],"wp:term":[{"taxonomy":"category","embeddable":true,"href":"https:\/\/www.fener.org\/index.php\/wp-json\/wp\/v2\/categories?post=25171"},{"taxonomy":"post_tag","embeddable":true,"href":"https:\/\/www.fener.org\/index.php\/wp-json\/wp\/v2\/tags?post=25171"}],"curies":[{"name":"wp","href":"https:\/\/api.w.org\/{rel}","templated":true}]}}