{"id":25160,"date":"2024-08-09T16:59:40","date_gmt":"2024-08-09T13:59:40","guid":{"rendered":"https:\/\/www.fener.org\/?p=25160"},"modified":"2024-08-09T16:59:47","modified_gmt":"2024-08-09T13:59:47","slug":"fenerbahcede-adana-demirspor-maci-hazirliklari-tamamlandi","status":"publish","type":"post","link":"https:\/\/www.fener.org\/index.php\/2024\/08\/09\/fenerbahcede-adana-demirspor-maci-hazirliklari-tamamlandi\/","title":{"rendered":"Fenerbah\u00e7e&#8217;de Adana Demirspor ma\u00e7\u0131 haz\u0131rl\u0131klar\u0131 tamamland\u0131"},"content":{"rendered":"\n<p>Fenerbah\u00e7emiz, Trendyol S\u00fcper Lig\u2019in ilk haftas\u0131nda yar\u0131n ak\u015fam saham\u0131zda Adana Demirspor ile oynayaca\u011f\u0131 ma\u00e7\u0131n haz\u0131rl\u0131klar\u0131n\u0131 sabah saatlerinde yapt\u0131\u011f\u0131 antrenmanla tamamlad\u0131.<\/p>\n\n\n\n<p>Teknik direkt\u00f6r\u00fcm\u00fcz Jose Mourinho y\u00f6netiminde Fenerbah\u00e7e Can Bartu Tesislerimizde yap\u0131lan \u00e7al\u0131\u015fma; \u0131s\u0131nma, \u00e7abukluk ve koordinasyon hareketleriyle ba\u015flad\u0131. Pas \u00e7al\u0131\u015fmas\u0131 ile devam eden antrenman taktiksel ve bireysel \u00e7al\u0131\u015fmalarla da noktaland\u0131.<\/p>\n","protected":false},"excerpt":{"rendered":"<p>Fenerbah\u00e7emiz, Trendyol S\u00fcper Lig\u2019in ilk haftas\u0131nda yar\u0131n ak\u015fam saham\u0131zda Adana Demirspor ile oynayaca\u011f\u0131 ma\u00e7\u0131n haz\u0131rl\u0131klar\u0131n\u0131 sabah saatlerinde yapt\u0131\u011f\u0131 antrenmanla tamamlad\u0131. Teknik direkt\u00f6r\u00fcm\u00fcz Jose Mourinho y\u00f6netiminde Fenerbah\u00e7e Can Bartu Tesislerimizde yap\u0131lan \u00e7al\u0131\u015fma; \u0131s\u0131nma, \u00e7abukluk ve koordinasyon hareketleriyle ba\u015flad\u0131. Pas \u00e7al\u0131\u015fmas\u0131 ile devam eden antrenman taktiksel ve bireysel \u00e7al\u0131\u015fmalarla da noktaland\u0131.<\/p>\n","protected":false},"author":1,"featured_media":25161,"comment_status":"closed","ping_status":"closed","sticky":false,"template":"","format":"standard","meta":{"jnews-multi-image_gallery":[],"jnews_single_post":{"subtitle":"Fenerbah\u00e7e, S\u00fcper Lig\u2019in ilk haftas\u0131nda sahas\u0131nda Adana Demirspor ile oynayaca\u011f\u0131 ma\u00e7\u0131n haz\u0131rl\u0131klar\u0131n\u0131 bug\u00fcn yapt\u0131\u011f\u0131 antrenmanla tamamlad\u0131.","format":"standard","video":"","gallery":"","source_name":"","source_url":"","via_name":"","via_url":"","override_template":"0","override":[{"template":"1","single_blog_custom":"","parallax":"1","fullscreen":"1","layout":"right-sidebar","sidebar":"mysidebar","second_sidebar":"default-sidebar","sticky_sidebar":"1","share_position":"float","share_float_style":"share-normal","show_share_counter":"1","show_view_counter":"1","show_featured":"1","show_post_meta":"1","show_post_author":"0","show_post_author_image":"1","show_post_date":"1","post_date_format":"default","post_date_format_custom":"Y\/m\/d","show_post_category":"0","show_post_reading_time":"0","post_reading_time_wpm":"300","show_zoom_button":"0","zoom_button_out_step":"2","zoom_button_in_step":"3","show_post_tag":"0","show_prev_next_post":"1","show_popup_post":"0","number_popup_post":"3","show_author_box":"0","show_post_related":"0","show_inline_post_related":"0"}],"override_image_size":"0","image_override":[{"single_post_thumbnail_size":"crop-500","single_post_gallery_size":"crop-500"}],"trending_post":"0","trending_post_position":"meta","trending_post_label":"Trending","sponsored_post":"0","sponsored_post_label":"Sponsored by","sponsored_post_name":"","sponsored_post_url":"","sponsored_post_logo_enable":"0","sponsored_post_logo":"","sponsored_post_desc":"","disable_ad":"0"},"jnews_primary_category":{"id":"4","hide":""},"jnews_social_meta":{"fb_title":"","fb_description":"","fb_image":"","twitter_title":"","twitter_description":"","twitter_image":""},"jnews_override_counter":{"override_view_counter":"0","view_counter_number":"0","override_share_counter":"0","share_counter_number":"0","override_like_counter":"0","like_counter_number":"0","override_dislike_counter":"0","dislike_counter_number":"0"},"footnotes":""},"categories":[4,2,47],"tags":[23,54],"class_list":["post-25160","post","type-post","status-publish","format-standard","has-post-thumbnail","hentry","category-futbol","category-haberler","category-profesyonel-a-futbol-takimi","tag-fenerbahce","tag-futbol"],"amp_enabled":true,"_links":{"self":[{"href":"https:\/\/www.fener.org\/index.php\/wp-json\/wp\/v2\/posts\/25160","targetHints":{"allow":["GET"]}}],"collection":[{"href":"https:\/\/www.fener.org\/index.php\/wp-json\/wp\/v2\/posts"}],"about":[{"href":"https:\/\/www.fener.org\/index.php\/wp-json\/wp\/v2\/types\/post"}],"author":[{"embeddable":true,"href":"https:\/\/www.fener.org\/index.php\/wp-json\/wp\/v2\/users\/1"}],"replies":[{"embeddable":true,"href":"https:\/\/www.fener.org\/index.php\/wp-json\/wp\/v2\/comments?post=25160"}],"version-history":[{"count":1,"href":"https:\/\/www.fener.org\/index.php\/wp-json\/wp\/v2\/posts\/25160\/revisions"}],"predecessor-version":[{"id":25162,"href":"https:\/\/www.fener.org\/index.php\/wp-json\/wp\/v2\/posts\/25160\/revisions\/25162"}],"wp:featuredmedia":[{"embeddable":true,"href":"https:\/\/www.fener.org\/index.php\/wp-json\/wp\/v2\/media\/25161"}],"wp:attachment":[{"href":"https:\/\/www.fener.org\/index.php\/wp-json\/wp\/v2\/media?parent=25160"}],"wp:term":[{"taxonomy":"category","embeddable":true,"href":"https:\/\/www.fener.org\/index.php\/wp-json\/wp\/v2\/categories?post=25160"},{"taxonomy":"post_tag","embeddable":true,"href":"https:\/\/www.fener.org\/index.php\/wp-json\/wp\/v2\/tags?post=25160"}],"curies":[{"name":"wp","href":"https:\/\/api.w.org\/{rel}","templated":true}]}}