{"id":25050,"date":"2024-07-26T08:56:55","date_gmt":"2024-07-26T05:56:55","guid":{"rendered":"https:\/\/www.fener.org\/?p=25050"},"modified":"2024-07-26T08:57:00","modified_gmt":"2024-07-26T05:57:00","slug":"fenerbahce-kadin-basketbol-takimimizda-5-imza","status":"publish","type":"post","link":"https:\/\/www.fener.org\/index.php\/2024\/07\/26\/fenerbahce-kadin-basketbol-takimimizda-5-imza\/","title":{"rendered":"Fenerbah\u00e7e Kad\u0131n Basketbol Tak\u0131m\u0131m\u0131zda 5 imza"},"content":{"rendered":"\n<p>Fenerbah\u00e7e Kad\u0131n Basketbol Tak\u0131m\u0131m\u0131zda be\u015f oyuncumuzun s\u00f6zle\u015fmesi yenilendi.<\/p>\n\n\n\n<p>Kul\u00fcb\u00fcm\u00fczden yap\u0131lan a\u00e7\u0131klamaya g\u00f6re; Alperi Onar, Sevgi Uzun, Ay\u015fe Y\u0131lmaz, Marieme Badiane ile 2 y\u0131ll\u0131k s\u00f6zle\u015fme yenilenirken, Nikolina Milic ile 1 y\u0131ll\u0131k yeni s\u00f6zle\u015fme konusunda anla\u015fmaya var\u0131ld\u0131.<\/p>\n","protected":false},"excerpt":{"rendered":"<p>Fenerbah\u00e7e Kad\u0131n Basketbol Tak\u0131m\u0131m\u0131zda be\u015f oyuncumuzun s\u00f6zle\u015fmesi yenilendi. Kul\u00fcb\u00fcm\u00fczden yap\u0131lan a\u00e7\u0131klamaya g\u00f6re; Alperi Onar, Sevgi Uzun, Ay\u015fe Y\u0131lmaz, Marieme Badiane ile 2 y\u0131ll\u0131k s\u00f6zle\u015fme yenilenirken, Nikolina Milic ile 1 y\u0131ll\u0131k yeni s\u00f6zle\u015fme konusunda anla\u015fmaya var\u0131ld\u0131.<\/p>\n","protected":false},"author":1,"featured_media":1280,"comment_status":"closed","ping_status":"closed","sticky":false,"template":"","format":"standard","meta":{"jnews-multi-image_gallery":[],"jnews_single_post":{"subtitle":"Fenerbah\u00e7e Kad\u0131n Basketbol Tak\u0131m\u0131m\u0131z, be\u015f oyuncumuzun s\u00f6zle\u015fmesini uzatt\u0131.","format":"standard","video":"","gallery":"","source_name":"","source_url":"","via_name":"","via_url":"","override_template":"0","override":[{"template":"1","single_blog_custom":"","parallax":"1","fullscreen":"1","layout":"right-sidebar","sidebar":"mysidebar","second_sidebar":"default-sidebar","sticky_sidebar":"1","share_position":"float","share_float_style":"share-normal","show_share_counter":"1","show_view_counter":"1","show_featured":"1","show_post_meta":"1","show_post_author":"0","show_post_author_image":"1","show_post_date":"1","post_date_format":"default","post_date_format_custom":"Y\/m\/d","show_post_category":"0","show_post_reading_time":"0","post_reading_time_wpm":"300","show_zoom_button":"0","zoom_button_out_step":"2","zoom_button_in_step":"3","show_post_tag":"0","show_prev_next_post":"1","show_popup_post":"0","number_popup_post":"3","show_author_box":"0","show_post_related":"0","show_inline_post_related":"0"}],"override_image_size":"0","image_override":[{"single_post_thumbnail_size":"crop-500","single_post_gallery_size":"crop-500"}],"trending_post":"0","trending_post_position":"meta","trending_post_label":"Trending","sponsored_post":"0","sponsored_post_label":"Sponsored by","sponsored_post_name":"","sponsored_post_url":"","sponsored_post_logo_enable":"0","sponsored_post_logo":"","sponsored_post_desc":"","disable_ad":"0"},"jnews_primary_category":{"id":"5","hide":""},"jnews_social_meta":{"fb_title":"","fb_description":"","fb_image":"","twitter_title":"","twitter_description":"","twitter_image":""},"jnews_override_counter":{"override_view_counter":"0","view_counter_number":"0","override_share_counter":"0","share_counter_number":"0","override_like_counter":"0","like_counter_number":"0","override_dislike_counter":"0","dislike_counter_number":"0"},"footnotes":""},"categories":[5,2,7],"tags":[24,23],"class_list":["post-25050","post","type-post","status-publish","format-standard","has-post-thumbnail","hentry","category-basketbol","category-haberler","category-kadin-basketbol","tag-basketbol","tag-fenerbahce"],"amp_enabled":true,"_links":{"self":[{"href":"https:\/\/www.fener.org\/index.php\/wp-json\/wp\/v2\/posts\/25050","targetHints":{"allow":["GET"]}}],"collection":[{"href":"https:\/\/www.fener.org\/index.php\/wp-json\/wp\/v2\/posts"}],"about":[{"href":"https:\/\/www.fener.org\/index.php\/wp-json\/wp\/v2\/types\/post"}],"author":[{"embeddable":true,"href":"https:\/\/www.fener.org\/index.php\/wp-json\/wp\/v2\/users\/1"}],"replies":[{"embeddable":true,"href":"https:\/\/www.fener.org\/index.php\/wp-json\/wp\/v2\/comments?post=25050"}],"version-history":[{"count":1,"href":"https:\/\/www.fener.org\/index.php\/wp-json\/wp\/v2\/posts\/25050\/revisions"}],"predecessor-version":[{"id":25051,"href":"https:\/\/www.fener.org\/index.php\/wp-json\/wp\/v2\/posts\/25050\/revisions\/25051"}],"wp:featuredmedia":[{"embeddable":true,"href":"https:\/\/www.fener.org\/index.php\/wp-json\/wp\/v2\/media\/1280"}],"wp:attachment":[{"href":"https:\/\/www.fener.org\/index.php\/wp-json\/wp\/v2\/media?parent=25050"}],"wp:term":[{"taxonomy":"category","embeddable":true,"href":"https:\/\/www.fener.org\/index.php\/wp-json\/wp\/v2\/categories?post=25050"},{"taxonomy":"post_tag","embeddable":true,"href":"https:\/\/www.fener.org\/index.php\/wp-json\/wp\/v2\/tags?post=25050"}],"curies":[{"name":"wp","href":"https:\/\/api.w.org\/{rel}","templated":true}]}}