{"id":24961,"date":"2024-07-15T18:12:28","date_gmt":"2024-07-15T15:12:28","guid":{"rendered":"https:\/\/www.fener.org\/?p=24961"},"modified":"2024-07-15T18:12:36","modified_gmt":"2024-07-15T15:12:36","slug":"fenerbahce-petrol-ofisi-13-oyuncunun-sozlesmesini-uzatti","status":"publish","type":"post","link":"https:\/\/www.fener.org\/index.php\/2024\/07\/15\/fenerbahce-petrol-ofisi-13-oyuncunun-sozlesmesini-uzatti\/","title":{"rendered":"Fenerbah\u00e7e Petrol Ofisi, 13 oyuncunun s\u00f6zle\u015fmesini uzatt\u0131"},"content":{"rendered":"\n<p>Fenerbah\u00e7e Petrol Ofisi Kad\u0131n Futbol Tak\u0131m\u0131m\u0131zda yeni sezon kadro planlamas\u0131 \u00e7er\u00e7evesinde 13 oyuncumuzun s\u00f6zle\u015fmesi uzat\u0131ld\u0131.<\/p>\n\n\n\n<p>Kul\u00fcb\u00fcm\u00fcz\u00fcn resmi sitesinde yay\u0131nlanan a\u00e7\u0131klamada \u015f\u00f6yle denildi:<\/p>\n\n\n\n<blockquote class=\"wp-block-quote is-layout-flow wp-block-quote-is-layout-flow\">\n<p>Fenerbah\u00e7e Petrol Ofisi Kad\u0131n Futbol Tak\u0131m\u0131m\u0131zda yeni sezon kadro planlamas\u0131 \u00e7er\u00e7evesinde 13 oyuncumuzun s\u00f6zle\u015fmesi uzat\u0131ld\u0131.<br><br>Ece T\u00fcrko\u011flu, Ya\u011fmur Uraz, Zeynep Akdeniz, Cansu G\u00fcrel, Busem \u015eeker, G\u00f6knur G\u00fclery\u00fcz, Ya\u015fam G\u00f6ksu, Zeynep Kerimo\u011flu, Mesude Alayont, Berfin Elif Ceylan, Mevl\u00fcde Melek Okuyan, \u0130pek Kaya ve \u0130layda Cansu Kara 2024-25 sezonunda da sar\u0131 lacivertli formam\u0131z\u0131 giyeceklerdir.<br><br>Bu anla\u015fmalar\u0131n kul\u00fcb\u00fcm\u00fcze ve sporcular\u0131m\u0131za hay\u0131rl\u0131 olmas\u0131n\u0131 diliyor, hep birlikte ba\u015far\u0131larla dolu sezonlar ya\u015famay\u0131 temenni ediyoruz.<br><br><strong>Fenerbah\u00e7e Spor Kul\u00fcb\u00fc<\/strong><\/p>\n<\/blockquote>\n","protected":false},"excerpt":{"rendered":"<p>Fenerbah\u00e7e Petrol Ofisi Kad\u0131n Futbol Tak\u0131m\u0131m\u0131zda yeni sezon kadro planlamas\u0131 \u00e7er\u00e7evesinde 13 oyuncumuzun s\u00f6zle\u015fmesi uzat\u0131ld\u0131. Kul\u00fcb\u00fcm\u00fcz\u00fcn resmi sitesinde yay\u0131nlanan a\u00e7\u0131klamada \u015f\u00f6yle denildi: Fenerbah\u00e7e Petrol Ofisi Kad\u0131n Futbol Tak\u0131m\u0131m\u0131zda yeni sezon kadro planlamas\u0131 \u00e7er\u00e7evesinde 13 oyuncumuzun s\u00f6zle\u015fmesi uzat\u0131ld\u0131. Ece T\u00fcrko\u011flu, Ya\u011fmur Uraz, Zeynep Akdeniz, Cansu G\u00fcrel, Busem \u015eeker, G\u00f6knur G\u00fclery\u00fcz, Ya\u015fam G\u00f6ksu, Zeynep Kerimo\u011flu, Mesude Alayont, [&hellip;]<\/p>\n","protected":false},"author":1,"featured_media":21126,"comment_status":"closed","ping_status":"closed","sticky":false,"template":"","format":"standard","meta":{"jnews-multi-image_gallery":[],"jnews_single_post":{"subtitle":"Fenerbah\u00e7e Ofisi Kad\u0131n Futbol Tak\u0131m\u0131m\u0131zda 13 oyuncumuzun s\u00f6zle\u015fmesi uzat\u0131ld\u0131.","format":"standard","video":"","gallery":"","source_name":"","source_url":"","via_name":"","via_url":"","override_template":"0","override":[{"template":"1","single_blog_custom":"","parallax":"1","fullscreen":"1","layout":"right-sidebar","sidebar":"mysidebar","second_sidebar":"default-sidebar","sticky_sidebar":"1","share_position":"float","share_float_style":"share-normal","show_share_counter":"1","show_view_counter":"1","show_featured":"1","show_post_meta":"1","show_post_author":"0","show_post_author_image":"1","show_post_date":"1","post_date_format":"default","post_date_format_custom":"Y\/m\/d","show_post_category":"0","show_post_reading_time":"0","post_reading_time_wpm":"300","show_zoom_button":"0","zoom_button_out_step":"2","zoom_button_in_step":"3","show_post_tag":"0","show_prev_next_post":"1","show_popup_post":"0","number_popup_post":"3","show_author_box":"0","show_post_related":"0","show_inline_post_related":"0"}],"override_image_size":"0","image_override":[{"single_post_thumbnail_size":"crop-500","single_post_gallery_size":"crop-500"}],"trending_post":"0","trending_post_position":"meta","trending_post_label":"Trending","sponsored_post":"0","sponsored_post_label":"Sponsored by","sponsored_post_name":"","sponsored_post_url":"","sponsored_post_logo_enable":"0","sponsored_post_logo":"","sponsored_post_desc":"","disable_ad":"0"},"jnews_primary_category":{"id":"","hide":""},"jnews_social_meta":{"fb_title":"","fb_description":"","fb_image":"","twitter_title":"","twitter_description":"","twitter_image":""},"jnews_override_counter":{"override_view_counter":"0","view_counter_number":"0","override_share_counter":"0","share_counter_number":"0","override_like_counter":"0","like_counter_number":"0","override_dislike_counter":"0","dislike_counter_number":"0"},"footnotes":""},"categories":[4,2,191],"tags":[23,192],"class_list":["post-24961","post","type-post","status-publish","format-standard","has-post-thumbnail","hentry","category-futbol","category-haberler","category-kadin-futbol","tag-fenerbahce","tag-kadinfutbol"],"amp_enabled":true,"_links":{"self":[{"href":"https:\/\/www.fener.org\/index.php\/wp-json\/wp\/v2\/posts\/24961","targetHints":{"allow":["GET"]}}],"collection":[{"href":"https:\/\/www.fener.org\/index.php\/wp-json\/wp\/v2\/posts"}],"about":[{"href":"https:\/\/www.fener.org\/index.php\/wp-json\/wp\/v2\/types\/post"}],"author":[{"embeddable":true,"href":"https:\/\/www.fener.org\/index.php\/wp-json\/wp\/v2\/users\/1"}],"replies":[{"embeddable":true,"href":"https:\/\/www.fener.org\/index.php\/wp-json\/wp\/v2\/comments?post=24961"}],"version-history":[{"count":1,"href":"https:\/\/www.fener.org\/index.php\/wp-json\/wp\/v2\/posts\/24961\/revisions"}],"predecessor-version":[{"id":24962,"href":"https:\/\/www.fener.org\/index.php\/wp-json\/wp\/v2\/posts\/24961\/revisions\/24962"}],"wp:featuredmedia":[{"embeddable":true,"href":"https:\/\/www.fener.org\/index.php\/wp-json\/wp\/v2\/media\/21126"}],"wp:attachment":[{"href":"https:\/\/www.fener.org\/index.php\/wp-json\/wp\/v2\/media?parent=24961"}],"wp:term":[{"taxonomy":"category","embeddable":true,"href":"https:\/\/www.fener.org\/index.php\/wp-json\/wp\/v2\/categories?post=24961"},{"taxonomy":"post_tag","embeddable":true,"href":"https:\/\/www.fener.org\/index.php\/wp-json\/wp\/v2\/tags?post=24961"}],"curies":[{"name":"wp","href":"https:\/\/api.w.org\/{rel}","templated":true}]}}