{"id":24959,"date":"2024-07-15T17:37:51","date_gmt":"2024-07-15T14:37:51","guid":{"rendered":"https:\/\/www.fener.org\/?p=24959"},"modified":"2024-07-15T17:37:59","modified_gmt":"2024-07-15T14:37:59","slug":"fenerbahcede-tiago-cukur-rodaya-transfer-oldu","status":"publish","type":"post","link":"https:\/\/www.fener.org\/index.php\/2024\/07\/15\/fenerbahcede-tiago-cukur-rodaya-transfer-oldu\/","title":{"rendered":"Fenerbah\u00e7e&#8217;de Tiago \u00c7ukur Roda\u2019ya transfer oldu"},"content":{"rendered":"\n<p>Fenerbah\u00e7e&#8217;nin 21 ya\u015f\u0131ndaki santrforu Tiago \u00c7ukur, Hollanda 2. Lig tak\u0131m\u0131 Roda&#8217;ya transfer oldu.<\/p>\n\n\n\n<p>Hollanda ekibinden yap\u0131lan a\u00e7\u0131klamada, Tiago ile 3 y\u0131ll\u0131k s\u00f6zle\u015fme imzaland\u0131\u011f\u0131 duyuruldu.<\/p>\n\n\n\n<p>Ge\u00e7en sezonun ilk yar\u0131s\u0131n\u0131 Bel\u00e7ika ekibi Beveren&#8217;de, 2. yar\u0131s\u0131n\u0131 ise 1. Lig temsilcisi \u00dcmraniyespor&#8217;da ge\u00e7iren h\u00fccum oyuncusu, toplamda 28 ma\u00e7a \u00e7\u0131kt\u0131 ve sezonu 2 gol, 5 asistle tamamlad\u0131.<\/p>\n\n\n\n<p>Kul\u00fcb\u00fcm\u00fcz\u00fcn resmi sitesinde yay\u0131nlanan a\u00e7\u0131klama \u015f\u00f6yle:<\/p>\n\n\n\n<blockquote class=\"wp-block-quote is-layout-flow wp-block-quote-is-layout-flow\">\n<p>Ge\u00e7ti\u011fimiz sezon \u00dcmraniyespor\u2019da forma giyen oyuncumuz Tiago \u00c7ukur, geri alma opsiyonu kul\u00fcb\u00fcm\u00fczde olmak \u00fczere Hollanda ikinci ligi tak\u0131mlar\u0131ndan Roda\u2019ya transfer olmu\u015ftur.<br><br>Futbolcumuza Roda\u2019da sakatl\u0131ktan uzak ba\u015far\u0131l\u0131 bir kariyer diliyoruz.<br><br><strong>Fenerbah\u00e7e Spor Kul\u00fcb\u00fc<\/strong><\/p>\n<\/blockquote>\n","protected":false},"excerpt":{"rendered":"<p>Fenerbah\u00e7e&#8217;nin 21 ya\u015f\u0131ndaki santrforu Tiago \u00c7ukur, Hollanda 2. Lig tak\u0131m\u0131 Roda&#8217;ya transfer oldu. Hollanda ekibinden yap\u0131lan a\u00e7\u0131klamada, Tiago ile 3 y\u0131ll\u0131k s\u00f6zle\u015fme imzaland\u0131\u011f\u0131 duyuruldu. Ge\u00e7en sezonun ilk yar\u0131s\u0131n\u0131 Bel\u00e7ika ekibi Beveren&#8217;de, 2. yar\u0131s\u0131n\u0131 ise 1. Lig temsilcisi \u00dcmraniyespor&#8217;da ge\u00e7iren h\u00fccum oyuncusu, toplamda 28 ma\u00e7a \u00e7\u0131kt\u0131 ve sezonu 2 gol, 5 asistle tamamlad\u0131. Kul\u00fcb\u00fcm\u00fcz\u00fcn resmi sitesinde [&hellip;]<\/p>\n","protected":false},"author":1,"featured_media":18344,"comment_status":"closed","ping_status":"closed","sticky":false,"template":"","format":"standard","meta":{"jnews-multi-image_gallery":[],"jnews_single_post":{"subtitle":"Fenerbah\u00e7e'de forma \u015fans\u0131 bulamayan ve iki sezondur kiral\u0131k g\u00f6nderilen Tiago \u00c7ukur, Hollanda'n\u0131n Roda tak\u0131m\u0131yla 3 y\u0131ll\u0131k s\u00f6zle\u015fme imzalad\u0131.","format":"standard","video":"","gallery":"","source_name":"","source_url":"","via_name":"","via_url":"","override_template":"0","override":[{"template":"1","single_blog_custom":"","parallax":"1","fullscreen":"1","layout":"right-sidebar","sidebar":"mysidebar","second_sidebar":"default-sidebar","sticky_sidebar":"1","share_position":"float","share_float_style":"share-normal","show_share_counter":"1","show_view_counter":"1","show_featured":"1","show_post_meta":"1","show_post_author":"0","show_post_author_image":"1","show_post_date":"1","post_date_format":"default","post_date_format_custom":"Y\/m\/d","show_post_category":"0","show_post_reading_time":"0","post_reading_time_wpm":"300","show_zoom_button":"0","zoom_button_out_step":"2","zoom_button_in_step":"3","show_post_tag":"0","show_prev_next_post":"1","show_popup_post":"0","number_popup_post":"3","show_author_box":"0","show_post_related":"0","show_inline_post_related":"0"}],"override_image_size":"0","image_override":[{"single_post_thumbnail_size":"crop-500","single_post_gallery_size":"crop-500"}],"trending_post":"0","trending_post_position":"meta","trending_post_label":"Trending","sponsored_post":"0","sponsored_post_label":"Sponsored by","sponsored_post_name":"","sponsored_post_url":"","sponsored_post_logo_enable":"0","sponsored_post_logo":"","sponsored_post_desc":"","disable_ad":"0"},"jnews_primary_category":{"id":"4","hide":""},"jnews_social_meta":{"fb_title":"","fb_description":"","fb_image":"","twitter_title":"","twitter_description":"","twitter_image":""},"jnews_override_counter":{"override_view_counter":"0","view_counter_number":"0","override_share_counter":"0","share_counter_number":"0","override_like_counter":"0","like_counter_number":"0","override_dislike_counter":"0","dislike_counter_number":"0"},"footnotes":""},"categories":[4,2,47],"tags":[23,54],"class_list":["post-24959","post","type-post","status-publish","format-standard","has-post-thumbnail","hentry","category-futbol","category-haberler","category-profesyonel-a-futbol-takimi","tag-fenerbahce","tag-futbol"],"amp_enabled":true,"_links":{"self":[{"href":"https:\/\/www.fener.org\/index.php\/wp-json\/wp\/v2\/posts\/24959","targetHints":{"allow":["GET"]}}],"collection":[{"href":"https:\/\/www.fener.org\/index.php\/wp-json\/wp\/v2\/posts"}],"about":[{"href":"https:\/\/www.fener.org\/index.php\/wp-json\/wp\/v2\/types\/post"}],"author":[{"embeddable":true,"href":"https:\/\/www.fener.org\/index.php\/wp-json\/wp\/v2\/users\/1"}],"replies":[{"embeddable":true,"href":"https:\/\/www.fener.org\/index.php\/wp-json\/wp\/v2\/comments?post=24959"}],"version-history":[{"count":1,"href":"https:\/\/www.fener.org\/index.php\/wp-json\/wp\/v2\/posts\/24959\/revisions"}],"predecessor-version":[{"id":24960,"href":"https:\/\/www.fener.org\/index.php\/wp-json\/wp\/v2\/posts\/24959\/revisions\/24960"}],"wp:featuredmedia":[{"embeddable":true,"href":"https:\/\/www.fener.org\/index.php\/wp-json\/wp\/v2\/media\/18344"}],"wp:attachment":[{"href":"https:\/\/www.fener.org\/index.php\/wp-json\/wp\/v2\/media?parent=24959"}],"wp:term":[{"taxonomy":"category","embeddable":true,"href":"https:\/\/www.fener.org\/index.php\/wp-json\/wp\/v2\/categories?post=24959"},{"taxonomy":"post_tag","embeddable":true,"href":"https:\/\/www.fener.org\/index.php\/wp-json\/wp\/v2\/tags?post=24959"}],"curies":[{"name":"wp","href":"https:\/\/api.w.org\/{rel}","templated":true}]}}