{"id":24957,"date":"2024-07-15T17:28:26","date_gmt":"2024-07-15T14:28:26","guid":{"rendered":"https:\/\/www.fener.org\/?p=24957"},"modified":"2024-07-15T17:28:31","modified_gmt":"2024-07-15T14:28:31","slug":"atletlerimiz-u20-turkiye-sampiyonasini-zirvede-tamamladi","status":"publish","type":"post","link":"https:\/\/www.fener.org\/index.php\/2024\/07\/15\/atletlerimiz-u20-turkiye-sampiyonasini-zirvede-tamamladi\/","title":{"rendered":"Atletlerimiz\u00a0U20 T\u00fcrkiye \u015eampiyonas\u0131\u2019n\u0131 zirvede tamamlad\u0131"},"content":{"rendered":"\n<p>\u0130zmir\u2019in ev sahipli\u011finde d\u00fczenlenen U20 T\u00fcrkiye \u015eampiyonas\u0131\u2019nda madalya m\u00fccadelesi veren atletlerimiz, hem kad\u0131nlarda hem de erkeklerde zirvenin sahibi oldu.<br><br>\u0130zmir Atat\u00fcrk Stadyumu\u2019nda iki g\u00fcn s\u00fcren m\u00fcsabakalar sonunda 168 kad\u0131n, 341 erkek olmak \u00fczere toplam 509 sporcunun piste \u00e7\u0131karken Fenerbah\u00e7e Atletizm \u015eubemiz sporcular\u0131 \u015fampiyonay\u0131 22 birincilik, 11 ikincilik, 13 \u00fc\u00e7\u00fcnc\u00fcl\u00fckle tamamlayarak zirvede yer ald\u0131.<br><br>Yar\u0131\u015fmalar\u0131 Atletizm \u015eube Sorumlumuz \u0130hsan \u00d6zden ile Atletizm Tak\u0131mlar Sorumlusu Teknik Menajerimiz Hakan Beceren de takip ederek sporcular\u0131m\u0131za ve antren\u00f6rlerimize destek oldu.<br><br><em>Sporcular\u0131m\u0131z\u0131n ald\u0131\u011f\u0131 dereceler \u015fu \u015fekilde:<\/em><br><br><strong>Kad\u0131nlarda:<\/strong><br><br>100 metrede Zeynep Kaya 1.<br>200 metrede Rahime Yi\u011fit 1., Zeynep Kaya 2.<br>400 metrede Neslihan Tokta\u015f 3.\u00a0<br>400 metre engelde Elif Ilgaz 1., \u0130lkim Alt\u0131nbulak 2.,<br>100 metre engelde Elif Ilgaz 1.,\u00a0<br>1500 metrede Elif Ak\u00e7i\u00e7ek 1., \u0130ran \u0130nce 2., Hatice K\u0131l\u0131\u00e7 3.\u00a0<br>5000 metrede Viyan Adar 1. \u015eilan Ya\u011f\u0131z 2.\u00a0<br>3000 metrede Edibe Ya\u011f\u0131z 1., \u00a0Viyan Adar 2., D\u00f6nd\u00fc K\u00fcbra Poyraz 3.\u00a0<br>3000 metre engelde Ceren K\u0131l\u0131\u00e7 2.<br>800 metrede Hatice K\u0131l\u0131\u00e7 1., Dilan Y\u0131lmaz 3.\u00a0<br>S\u0131r\u0131kla y\u00fcksek atlamada Rahime Yi\u011fit 1.\u00a0<br>Disk atmada Zeynep \u00d6z 2.\u00a0<br>G\u00fclle atmada Zeynep \u00d6z 1., Serin Korucu 2., Esma Saniye Sat\u0131lm\u0131\u015f 3.\u00a0<br>\u00c7eki\u00e7 atmada S\u0131la A\u00e7\u0131kba\u015f 1.\u00a0<br>Cirit atmada \u0130rem Batu 1.\u00a0<br>3 ad\u0131m atlamada Esmanur Birdel 2.\u00a0<br>Y\u00fcksek atlamada Zeynep Eyl\u00fcl Yavuz 1., \u00d6zg\u00fc \u00c7olak 3.<br><br><strong>Erkeklerde:<\/strong><br><br>100 metrede H\u00fcseyin Mutlu Korkmaz 1., Emin Berk Uzun 3.\u00a0<br>400 metrede \u00d6mer Faruk Esen 3.\u00a0<br>800 metrede Ahmet Selim Y\u0131ld\u0131r\u0131m 1.\u00a0<br>1500 metrede K\u0131yasettin Kara 1., Ahmet Selim Y\u0131ld\u0131r\u0131m 2., Cuma \u00d6zcan 3.\u00a0<br>3000 metrede K\u0131yasettin Kara 1., Ali Tun\u00e7 3.<br>5000 metrede Ali Tun\u00e7 1.\u00a0<br>400 engelde Mustafa \u00c7inpolat 1.\u00a0<br>Y\u00fcksek atlamada Yasir Kuduban 1.\u00a0<br>Cirit atmada H\u00fcseyin \u00d6zdemir 1., Mustafa \u0130smail G\u00fcndo\u011fdu 2.\u00a0<br>G\u00fclle atmada Ali Peker 1., Erdem G\u00fcndemir 3.\u00a0<br>110 metre engelde G\u00fcrsu G\u00fclerler 3.\u00a0<br>S\u0131r\u0131kla y\u00fcksek atlamada Sefa Akan 3.<\/p>\n","protected":false},"excerpt":{"rendered":"<p>\u0130zmir\u2019in ev sahipli\u011finde d\u00fczenlenen U20 T\u00fcrkiye \u015eampiyonas\u0131\u2019nda madalya m\u00fccadelesi veren atletlerimiz, hem kad\u0131nlarda hem de erkeklerde zirvenin sahibi oldu. \u0130zmir Atat\u00fcrk Stadyumu\u2019nda iki g\u00fcn s\u00fcren m\u00fcsabakalar sonunda 168 kad\u0131n, 341 erkek olmak \u00fczere toplam 509 sporcunun piste \u00e7\u0131karken Fenerbah\u00e7e Atletizm \u015eubemiz sporcular\u0131 \u015fampiyonay\u0131 22 birincilik, 11 ikincilik, 13 \u00fc\u00e7\u00fcnc\u00fcl\u00fckle tamamlayarak zirvede yer ald\u0131. Yar\u0131\u015fmalar\u0131 Atletizm [&hellip;]<\/p>\n","protected":false},"author":1,"featured_media":1279,"comment_status":"closed","ping_status":"closed","sticky":false,"template":"","format":"standard","meta":{"jnews-multi-image_gallery":[],"jnews_single_post":{"subtitle":"","format":"standard","video":"","gallery":"","source_name":"","source_url":"","via_name":"","via_url":"","override_template":"0","override":[{"template":"1","single_blog_custom":"","parallax":"1","fullscreen":"1","layout":"right-sidebar","sidebar":"mysidebar","second_sidebar":"default-sidebar","sticky_sidebar":"1","share_position":"float","share_float_style":"share-normal","show_share_counter":"1","show_view_counter":"1","show_featured":"1","show_post_meta":"1","show_post_author":"0","show_post_author_image":"1","show_post_date":"1","post_date_format":"default","post_date_format_custom":"Y\/m\/d","show_post_category":"0","show_post_reading_time":"0","post_reading_time_wpm":"300","show_zoom_button":"0","zoom_button_out_step":"2","zoom_button_in_step":"3","show_post_tag":"0","show_prev_next_post":"1","show_popup_post":"0","number_popup_post":"3","show_author_box":"0","show_post_related":"0","show_inline_post_related":"0"}],"override_image_size":"0","image_override":[{"single_post_thumbnail_size":"crop-500","single_post_gallery_size":"crop-500"}],"trending_post":"0","trending_post_position":"meta","trending_post_label":"Trending","sponsored_post":"0","sponsored_post_label":"Sponsored by","sponsored_post_name":"","sponsored_post_url":"","sponsored_post_logo_enable":"0","sponsored_post_logo":"","sponsored_post_desc":"","disable_ad":"0"},"jnews_primary_category":{"id":"13","hide":""},"jnews_social_meta":{"fb_title":"","fb_description":"","fb_image":"","twitter_title":"","twitter_description":"","twitter_image":""},"jnews_override_counter":{"override_view_counter":"0","view_counter_number":"0","override_share_counter":"0","share_counter_number":"0","override_like_counter":"0","like_counter_number":"0","override_dislike_counter":"0","dislike_counter_number":"0"},"footnotes":""},"categories":[13,2],"tags":[32,23],"class_list":["post-24957","post","type-post","status-publish","format-standard","has-post-thumbnail","hentry","category-atletizm","category-haberler","tag-atletizm","tag-fenerbahce"],"amp_enabled":true,"_links":{"self":[{"href":"https:\/\/www.fener.org\/index.php\/wp-json\/wp\/v2\/posts\/24957","targetHints":{"allow":["GET"]}}],"collection":[{"href":"https:\/\/www.fener.org\/index.php\/wp-json\/wp\/v2\/posts"}],"about":[{"href":"https:\/\/www.fener.org\/index.php\/wp-json\/wp\/v2\/types\/post"}],"author":[{"embeddable":true,"href":"https:\/\/www.fener.org\/index.php\/wp-json\/wp\/v2\/users\/1"}],"replies":[{"embeddable":true,"href":"https:\/\/www.fener.org\/index.php\/wp-json\/wp\/v2\/comments?post=24957"}],"version-history":[{"count":1,"href":"https:\/\/www.fener.org\/index.php\/wp-json\/wp\/v2\/posts\/24957\/revisions"}],"predecessor-version":[{"id":24958,"href":"https:\/\/www.fener.org\/index.php\/wp-json\/wp\/v2\/posts\/24957\/revisions\/24958"}],"wp:featuredmedia":[{"embeddable":true,"href":"https:\/\/www.fener.org\/index.php\/wp-json\/wp\/v2\/media\/1279"}],"wp:attachment":[{"href":"https:\/\/www.fener.org\/index.php\/wp-json\/wp\/v2\/media?parent=24957"}],"wp:term":[{"taxonomy":"category","embeddable":true,"href":"https:\/\/www.fener.org\/index.php\/wp-json\/wp\/v2\/categories?post=24957"},{"taxonomy":"post_tag","embeddable":true,"href":"https:\/\/www.fener.org\/index.php\/wp-json\/wp\/v2\/tags?post=24957"}],"curies":[{"name":"wp","href":"https:\/\/api.w.org\/{rel}","templated":true}]}}