{"id":24946,"date":"2024-07-13T08:57:19","date_gmt":"2024-07-13T05:57:19","guid":{"rendered":"https:\/\/www.fener.org\/?p=24946"},"modified":"2024-07-13T08:57:26","modified_gmt":"2024-07-13T05:57:26","slug":"fenerbahce-hazirlik-macinda-strasbourg-ile-karsilasiyor","status":"publish","type":"post","link":"https:\/\/www.fener.org\/index.php\/2024\/07\/13\/fenerbahce-hazirlik-macinda-strasbourg-ile-karsilasiyor\/","title":{"rendered":"Fenerbah\u00e7e, haz\u0131rl\u0131k ma\u00e7\u0131nda Strasbourg ile kar\u015f\u0131la\u015f\u0131yor"},"content":{"rendered":"\n<p>Yeni sezon \u00f6ncesi \u00e7al\u0131\u015fmalar\u0131n\u0131 s\u00fcrd\u00fcren Fenerbah\u00e7emiz, d\u00f6rd\u00fcnc\u00fc haz\u0131rl\u0131k ma\u00e7\u0131na \u00e7\u0131k\u0131yor. Avusturya&#8217;n\u0131n Graz kentinde kamp yapan Futbol Tak\u0131m\u0131m\u0131z, Frans\u0131z temsilcisi Strasbourg ile kar\u015f\u0131 kar\u015f\u0131ya gelecek. Merkur Arena&#8217;da oynanacak m\u00fccadele 13 Temmuz Cumartesi (yar\u0131n) TS\u0130 19.30\u2019da ba\u015flayacak ve S Sport\u2019tan canl\u0131 yay\u0131nlanacak.<\/p>\n\n\n\n<p>Yeni sezon \u00f6ncesi ilk haz\u0131rl\u0131k ma\u00e7\u0131n\u0131 Fenerbah\u00e7e Serkan Acar Resort &amp; Sports Topuk Yaylas\u0131 Tesisleri&#8217;nde Romanya&#8217;n\u0131n Petrolul Ploiesti tak\u0131m\u0131 ile yapan Fenerbah\u00e7emiz, m\u00fccadeleyi Edin Dzeko ve Miha Zajc&#8217;\u0131n golleri ile 2-1 kazand\u0131.<\/p>\n\n\n\n<p>\u0130kinci haz\u0131rl\u0131k kar\u015f\u0131la\u015fmas\u0131na ise Avusturya kamp\u0131nda \u00e7\u0131kan ekibimiz, Avusturya temsilcisi Admira Wacker ile 1-1 berabere kal\u0131rken; gol\u00fcm\u00fcz\u00fc penalt\u0131dan Edin Dzeko kaydetti.<\/p>\n\n\n\n<p>\u00dc\u00e7\u00fcnc\u00fc haz\u0131rl\u0131k ma\u00e7\u0131n\u0131 H\u0131rvatistan&#8217;\u0131n Hajduk Split tak\u0131m\u0131yla oynayan Fenerbah\u00e7emiz, sahadan 1-0 ma\u011flup ayr\u0131ld\u0131.<\/p>\n\n\n\n<p>Futbol tak\u0131m\u0131m\u0131z, Avusturya kamp\u0131n\u0131 Strasbourg ma\u00e7\u0131yla tamamlayacak ve ard\u0131ndan \u0130stanbul\u2019a d\u00f6necek.<\/p>\n","protected":false},"excerpt":{"rendered":"<p>Yeni sezon \u00f6ncesi \u00e7al\u0131\u015fmalar\u0131n\u0131 s\u00fcrd\u00fcren Fenerbah\u00e7emiz, d\u00f6rd\u00fcnc\u00fc haz\u0131rl\u0131k ma\u00e7\u0131na \u00e7\u0131k\u0131yor. Avusturya&#8217;n\u0131n Graz kentinde kamp yapan Futbol Tak\u0131m\u0131m\u0131z, Frans\u0131z temsilcisi Strasbourg ile kar\u015f\u0131 kar\u015f\u0131ya gelecek. Merkur Arena&#8217;da oynanacak m\u00fccadele 13 Temmuz Cumartesi (yar\u0131n) TS\u0130 19.30\u2019da ba\u015flayacak ve S Sport\u2019tan canl\u0131 yay\u0131nlanacak. Yeni sezon \u00f6ncesi ilk haz\u0131rl\u0131k ma\u00e7\u0131n\u0131 Fenerbah\u00e7e Serkan Acar Resort &amp; Sports Topuk Yaylas\u0131 Tesisleri&#8217;nde [&hellip;]<\/p>\n","protected":false},"author":1,"featured_media":24947,"comment_status":"closed","ping_status":"closed","sticky":false,"template":"","format":"standard","meta":{"jnews-multi-image_gallery":[],"jnews_single_post":{"subtitle":"Fenerbah\u00e7e, yeni sezon \u00f6ncesi \u00e7al\u0131\u015fmalar\u0131n\u0131 kapsam\u0131nda d\u00f6rd\u00fcnc\u00fc haz\u0131rl\u0131k ma\u00e7\u0131nda Frans\u0131z temsilcisi Strasbourg ile kar\u015f\u0131la\u015f\u0131yor.","format":"standard","video":"","gallery":"","source_name":"","source_url":"","via_name":"","via_url":"","override_template":"0","override":[{"template":"1","single_blog_custom":"","parallax":"1","fullscreen":"1","layout":"right-sidebar","sidebar":"mysidebar","second_sidebar":"default-sidebar","sticky_sidebar":"1","share_position":"float","share_float_style":"share-normal","show_share_counter":"1","show_view_counter":"1","show_featured":"1","show_post_meta":"1","show_post_author":"0","show_post_author_image":"1","show_post_date":"1","post_date_format":"default","post_date_format_custom":"Y\/m\/d","show_post_category":"0","show_post_reading_time":"0","post_reading_time_wpm":"300","show_zoom_button":"0","zoom_button_out_step":"2","zoom_button_in_step":"3","show_post_tag":"0","show_prev_next_post":"1","show_popup_post":"0","number_popup_post":"3","show_author_box":"0","show_post_related":"0","show_inline_post_related":"0"}],"override_image_size":"0","image_override":[{"single_post_thumbnail_size":"crop-500","single_post_gallery_size":"crop-500"}],"trending_post":"0","trending_post_position":"meta","trending_post_label":"Trending","sponsored_post":"0","sponsored_post_label":"Sponsored by","sponsored_post_name":"","sponsored_post_url":"","sponsored_post_logo_enable":"0","sponsored_post_logo":"","sponsored_post_desc":"","disable_ad":"0"},"jnews_primary_category":{"id":"4","hide":""},"jnews_social_meta":{"fb_title":"","fb_description":"","fb_image":"","twitter_title":"","twitter_description":"","twitter_image":""},"jnews_override_counter":{"override_view_counter":"0","view_counter_number":"0","override_share_counter":"0","share_counter_number":"0","override_like_counter":"0","like_counter_number":"0","override_dislike_counter":"0","dislike_counter_number":"0"},"footnotes":""},"categories":[4,2,47],"tags":[23,54],"class_list":["post-24946","post","type-post","status-publish","format-standard","has-post-thumbnail","hentry","category-futbol","category-haberler","category-profesyonel-a-futbol-takimi","tag-fenerbahce","tag-futbol"],"amp_enabled":true,"_links":{"self":[{"href":"https:\/\/www.fener.org\/index.php\/wp-json\/wp\/v2\/posts\/24946","targetHints":{"allow":["GET"]}}],"collection":[{"href":"https:\/\/www.fener.org\/index.php\/wp-json\/wp\/v2\/posts"}],"about":[{"href":"https:\/\/www.fener.org\/index.php\/wp-json\/wp\/v2\/types\/post"}],"author":[{"embeddable":true,"href":"https:\/\/www.fener.org\/index.php\/wp-json\/wp\/v2\/users\/1"}],"replies":[{"embeddable":true,"href":"https:\/\/www.fener.org\/index.php\/wp-json\/wp\/v2\/comments?post=24946"}],"version-history":[{"count":1,"href":"https:\/\/www.fener.org\/index.php\/wp-json\/wp\/v2\/posts\/24946\/revisions"}],"predecessor-version":[{"id":24948,"href":"https:\/\/www.fener.org\/index.php\/wp-json\/wp\/v2\/posts\/24946\/revisions\/24948"}],"wp:featuredmedia":[{"embeddable":true,"href":"https:\/\/www.fener.org\/index.php\/wp-json\/wp\/v2\/media\/24947"}],"wp:attachment":[{"href":"https:\/\/www.fener.org\/index.php\/wp-json\/wp\/v2\/media?parent=24946"}],"wp:term":[{"taxonomy":"category","embeddable":true,"href":"https:\/\/www.fener.org\/index.php\/wp-json\/wp\/v2\/categories?post=24946"},{"taxonomy":"post_tag","embeddable":true,"href":"https:\/\/www.fener.org\/index.php\/wp-json\/wp\/v2\/tags?post=24946"}],"curies":[{"name":"wp","href":"https:\/\/api.w.org\/{rel}","templated":true}]}}